{"id":5165,"date":"2026-09-01T12:09:08","date_gmt":"2026-09-01T10:09:08","guid":{"rendered":"https:\/\/www.olimpicarena.com\/el-olimpic-arena-de-badalona-epicentro-de-los-esports\/"},"modified":"2026-09-01T12:14:35","modified_gmt":"2026-09-01T10:14:35","slug":"olimpic-arena-de-badalona-epicentre-dels-esports","status":"publish","type":"post","link":"https:\/\/www.olimpicarena.com\/ca\/olimpic-arena-de-badalona-epicentre-dels-esports\/","title":{"rendered":"L&#8217;Olimpic Arena de Badalona, epicentre dels eSports"},"content":{"rendered":"<p>El <strong>OLIMPIC ARENA de Badalona<\/strong> ha estat aquest cap de setmana l\u2019escenari d\u2019un dels grans esdeveniments internacionals dels eSports: la <strong>gran final de la VCT EMEA de VALORANT<\/strong>, organitzada per <a href=\"https:\/\/www.riotgames.com\/\" target=\"_blank\" rel=\"noopener\"><strong>Riot Games<\/strong><\/a>. Per primera vegada, les finals europees han sortit de Berl\u00edn per traslladar-se a Badalona, reunint milers de fans en un esdeveniment que ha convertit el recinte en l\u2019epicentre de l\u2019univers VALORANT.<\/p>\n<p><img loading=\"lazy\" decoding=\"async\" class=\"alignnone size-full wp-image-5161\" src=\"https:\/\/www.olimpicarena.com\/wp-content\/uploads\/2026\/09\/55498535895_757598b66a_o.jpg\" alt=\"Finals de la VCT EMEA de Valorant a l\u2019Olimpic Arena de Badalona\" width=\"1200\" height=\"800\" srcset=\"https:\/\/www.olimpicarena.com\/wp-content\/uploads\/2026\/09\/55498535895_757598b66a_o.jpg 1200w, https:\/\/www.olimpicarena.com\/wp-content\/uploads\/2026\/09\/55498535895_757598b66a_o-768x512.jpg 768w, https:\/\/www.olimpicarena.com\/wp-content\/uploads\/2026\/09\/55498535895_757598b66a_o-1320x880.jpg 1320w\" sizes=\"auto, (max-width: 1200px) 100vw, 1200px\" \/><\/p>\n<p><strong>Karmine Corp i Team Liquid<\/strong> s\u2019han enfrontat en una final de m\u00e0xima intensitat que, despr\u00e9s de quatre mapes, ha coronat l\u2019equip franc\u00e8s com a campi\u00f3 de la lliga europea. Amb aquesta vict\u00f2ria, Karmine Corp es classifica com a primer equip per al <strong>VALORANT Champions<\/strong>, el Mundial que se celebrar\u00e0 a Xangai.<\/p>\n<p><img loading=\"lazy\" decoding=\"async\" class=\"alignnone size-full wp-image-5155\" src=\"https:\/\/www.olimpicarena.com\/wp-content\/uploads\/2026\/09\/55498255018_5c5c4950cb_o.jpg\" alt=\"Guanyadors de les finals VCT EMEA de Valorant a l\u2019Olimpic Arena de Badalona\" width=\"1200\" height=\"799\" srcset=\"https:\/\/www.olimpicarena.com\/wp-content\/uploads\/2026\/09\/55498255018_5c5c4950cb_o.jpg 1200w, https:\/\/www.olimpicarena.com\/wp-content\/uploads\/2026\/09\/55498255018_5c5c4950cb_o-768x511.jpg 768w, https:\/\/www.olimpicarena.com\/wp-content\/uploads\/2026\/09\/55498255018_5c5c4950cb_o-1320x878.jpg 1320w\" sizes=\"auto, (max-width: 1200px) 100vw, 1200px\" \/><\/p>\n<p>Durant tot el cap de setmana, l\u2019OLIMPIC ARENA ha acollit tant les activacions i experi\u00e8ncies de la <strong>Fan Fest<\/strong> com la competici\u00f3 a l\u2019arena principal, oferint als aficionats una experi\u00e8ncia completa al voltant de l\u2019univers dels eSports.<\/p>\n<p><img loading=\"lazy\" decoding=\"async\" class=\"alignnone size-full wp-image-5158\" src=\"https:\/\/www.olimpicarena.com\/wp-content\/uploads\/2026\/09\/55497460623_7dd3eb1385_o.jpg\" alt=\"Fan Fest de les VCT EMEA Finals de Valorant a l\u2019Olimpic Arena de Badalona\" width=\"1200\" height=\"800\" srcset=\"https:\/\/www.olimpicarena.com\/wp-content\/uploads\/2026\/09\/55497460623_7dd3eb1385_o.jpg 1200w, https:\/\/www.olimpicarena.com\/wp-content\/uploads\/2026\/09\/55497460623_7dd3eb1385_o-768x512.jpg 768w, https:\/\/www.olimpicarena.com\/wp-content\/uploads\/2026\/09\/55497460623_7dd3eb1385_o-1320x880.jpg 1320w\" sizes=\"auto, (max-width: 1200px) 100vw, 1200px\" \/><\/p>\n<p>La gran final tamb\u00e9 ha comptat amb l\u2019actuaci\u00f3 de <strong>Mushkaa<\/strong>, que ha estrenat en directe la seva versi\u00f3 de <em>\u201cVillain (Take a Shot)\u201d<\/em>, posant el toc musical a una jornada hist\u00f2rica.<\/p>\n<p><img loading=\"lazy\" decoding=\"async\" class=\"alignnone size-full wp-image-5147\" src=\"https:\/\/www.olimpicarena.com\/wp-content\/uploads\/2023\/12\/55497573666_e337fc9d9c_o.jpg\" alt=\"Actuaci\u00f3 de Mushkaa a l\u2019Olimpic Arena per a les finals de la VCT EMEA de Valorant\" width=\"1260\" height=\"840\" srcset=\"https:\/\/www.olimpicarena.com\/wp-content\/uploads\/2023\/12\/55497573666_e337fc9d9c_o.jpg 1260w, https:\/\/www.olimpicarena.com\/wp-content\/uploads\/2023\/12\/55497573666_e337fc9d9c_o-768x512.jpg 768w, https:\/\/www.olimpicarena.com\/wp-content\/uploads\/2023\/12\/55497573666_e337fc9d9c_o-1320x880.jpg 1320w\" sizes=\"auto, (max-width: 1260px) 100vw, 1260px\" \/><\/p>\n<p>Un cap de setmana que situa l\u2019<strong>OLIMPIC ARENA de Badalona en el mapa internacional dels grans esdeveniments d\u2019eSports<\/strong> i consolida el recinte com un espai preparat per acollir competicions i experi\u00e8ncies de primer nivell.<\/p>\n","protected":false},"excerpt":{"rendered":"<p>El OLIMPIC ARENA de Badalona ha estat aquest cap de setmana l\u2019escenari d\u2019un dels grans esdeveniments internacionals dels eSports: la gran final de la VCT EMEA de VALORANT, organitzada per Riot Games. Per primera vegada, les finals europees han sortit<span class=\"ellipsis\">&hellip;<\/span><\/p>\n<div class=\"read-more\"><a href=\"https:\/\/www.olimpicarena.com\/ca\/olimpic-arena-de-badalona-epicentre-dels-esports\/\">Read more <span class=\"screen-reader-text\">L&#8217;Olimpic Arena de Badalona, epicentre dels eSports<\/span><span class=\"meta-nav\"> &#8250;<\/span><\/a><\/div>\n<p><!-- end of .read-more --><\/p>\n","protected":false},"author":3,"featured_media":5153,"comment_status":"open","ping_status":"open","sticky":false,"template":"","format":"standard","meta":{"_acf_changed":false,"inline_featured_image":false,"footnotes":""},"categories":[19],"tags":[],"class_list":["post-5165","post","type-post","status-publish","format-standard","has-post-thumbnail","hentry","category-uncategorized-ca"],"acf":[],"yoast_head":"<!-- This site is optimized with the Yoast SEO plugin v24.7 - https:\/\/yoast.com\/wordpress\/plugins\/seo\/ -->\n<title>L&#039;Olimpic Arena de Badalona, epicentre dels eSports - olimpicarena<\/title>\n<meta name=\"robots\" content=\"index, follow, max-snippet:-1, max-image-preview:large, max-video-preview:-1\" \/>\n<link rel=\"canonical\" href=\"https:\/\/www.olimpicarena.com\/ca\/olimpic-arena-de-badalona-epicentre-dels-esports\/\" \/>\n<meta property=\"og:locale\" content=\"ca_ES\" \/>\n<meta property=\"og:type\" content=\"article\" \/>\n<meta property=\"og:title\" content=\"L&#039;Olimpic Arena de Badalona, epicentre dels eSports - olimpicarena\" \/>\n<meta property=\"og:description\" content=\"El OLIMPIC ARENA de Badalona ha estat aquest cap de setmana l\u2019escenari d\u2019un dels grans esdeveniments internacionals dels eSports: la gran final de la VCT EMEA de VALORANT, organitzada per Riot Games. Per primera vegada, les finals europees han sortit&hellip;Read more L&#8217;Olimpic Arena de Badalona, epicentre dels eSports &#8250;\" \/>\n<meta property=\"og:url\" content=\"https:\/\/www.olimpicarena.com\/ca\/olimpic-arena-de-badalona-epicentre-dels-esports\/\" \/>\n<meta property=\"og:site_name\" content=\"olimpicarena\" \/>\n<meta property=\"article:published_time\" content=\"2026-09-01T10:09:08+00:00\" \/>\n<meta property=\"article:modified_time\" content=\"2026-09-01T10:14:35+00:00\" \/>\n<meta property=\"og:image\" content=\"https:\/\/www.olimpicarena.com\/wp-content\/uploads\/2026\/09\/55497905153_a0cd465f88_o.jpg\" \/>\n\t<meta property=\"og:image:width\" content=\"1260\" \/>\n\t<meta property=\"og:image:height\" content=\"840\" \/>\n\t<meta property=\"og:image:type\" content=\"image\/jpeg\" \/>\n<meta name=\"author\" content=\"olimpicarena\" \/>\n<meta name=\"twitter:card\" content=\"summary_large_image\" \/>\n<meta name=\"twitter:label1\" content=\"Escrit per\" \/>\n\t<meta name=\"twitter:data1\" content=\"olimpicarena\" \/>\n\t<meta name=\"twitter:label2\" content=\"Temps estimat de lectura\" \/>\n\t<meta name=\"twitter:data2\" content=\"2 minuts\" \/>\n<script type=\"application\/ld+json\" class=\"yoast-schema-graph\">{\"@context\":\"https:\/\/schema.org\",\"@graph\":[{\"@type\":\"WebPage\",\"@id\":\"https:\/\/www.olimpicarena.com\/ca\/olimpic-arena-de-badalona-epicentre-dels-esports\/\",\"url\":\"https:\/\/www.olimpicarena.com\/ca\/olimpic-arena-de-badalona-epicentre-dels-esports\/\",\"name\":\"L'Olimpic Arena de Badalona, epicentre dels eSports - olimpicarena\",\"isPartOf\":{\"@id\":\"https:\/\/www.olimpicarena.com\/ca\/#website\"},\"primaryImageOfPage\":{\"@id\":\"https:\/\/www.olimpicarena.com\/ca\/olimpic-arena-de-badalona-epicentre-dels-esports\/#primaryimage\"},\"image\":{\"@id\":\"https:\/\/www.olimpicarena.com\/ca\/olimpic-arena-de-badalona-epicentre-dels-esports\/#primaryimage\"},\"thumbnailUrl\":\"https:\/\/www.olimpicarena.com\/wp-content\/uploads\/2026\/09\/55497905153_a0cd465f88_o.jpg\",\"datePublished\":\"2026-09-01T10:09:08+00:00\",\"dateModified\":\"2026-09-01T10:14:35+00:00\",\"author\":{\"@id\":\"https:\/\/www.olimpicarena.com\/ca\/#\/schema\/person\/9d6083f339838e8c598ed354225493a0\"},\"breadcrumb\":{\"@id\":\"https:\/\/www.olimpicarena.com\/ca\/olimpic-arena-de-badalona-epicentre-dels-esports\/#breadcrumb\"},\"inLanguage\":\"ca\",\"potentialAction\":[{\"@type\":\"ReadAction\",\"target\":[\"https:\/\/www.olimpicarena.com\/ca\/olimpic-arena-de-badalona-epicentre-dels-esports\/\"]}]},{\"@type\":\"ImageObject\",\"inLanguage\":\"ca\",\"@id\":\"https:\/\/www.olimpicarena.com\/ca\/olimpic-arena-de-badalona-epicentre-dels-esports\/#primaryimage\",\"url\":\"https:\/\/www.olimpicarena.com\/wp-content\/uploads\/2026\/09\/55497905153_a0cd465f88_o.jpg\",\"contentUrl\":\"https:\/\/www.olimpicarena.com\/wp-content\/uploads\/2026\/09\/55497905153_a0cd465f88_o.jpg\",\"width\":1260,\"height\":840,\"caption\":\"VCT EMEA Finals de Valorant en el Olimpic Arena de Badalona\"},{\"@type\":\"BreadcrumbList\",\"@id\":\"https:\/\/www.olimpicarena.com\/ca\/olimpic-arena-de-badalona-epicentre-dels-esports\/#breadcrumb\",\"itemListElement\":[{\"@type\":\"ListItem\",\"position\":1,\"name\":\"Home\",\"item\":\"https:\/\/www.olimpicarena.com\/ca\/\"},{\"@type\":\"ListItem\",\"position\":2,\"name\":\"L&#8217;Olimpic Arena de Badalona, epicentre dels eSports\"}]},{\"@type\":\"WebSite\",\"@id\":\"https:\/\/www.olimpicarena.com\/ca\/#website\",\"url\":\"https:\/\/www.olimpicarena.com\/ca\/\",\"name\":\"olimpicarena\",\"description\":\"\",\"potentialAction\":[{\"@type\":\"SearchAction\",\"target\":{\"@type\":\"EntryPoint\",\"urlTemplate\":\"https:\/\/www.olimpicarena.com\/ca\/?s={search_term_string}\"},\"query-input\":{\"@type\":\"PropertyValueSpecification\",\"valueRequired\":true,\"valueName\":\"search_term_string\"}}],\"inLanguage\":\"ca\"},{\"@type\":\"Person\",\"@id\":\"https:\/\/www.olimpicarena.com\/ca\/#\/schema\/person\/9d6083f339838e8c598ed354225493a0\",\"name\":\"olimpicarena\",\"image\":{\"@type\":\"ImageObject\",\"inLanguage\":\"ca\",\"@id\":\"https:\/\/www.olimpicarena.com\/ca\/#\/schema\/person\/image\/\",\"url\":\"https:\/\/secure.gravatar.com\/avatar\/963f0993d5292040115fa08f2030a00f9803a555d8024f9c3f19ff8e300d4822?s=96&d=mm&r=g\",\"contentUrl\":\"https:\/\/secure.gravatar.com\/avatar\/963f0993d5292040115fa08f2030a00f9803a555d8024f9c3f19ff8e300d4822?s=96&d=mm&r=g\",\"caption\":\"olimpicarena\"},\"sameAs\":[\"https:\/\/www.olimpicarena.com\"]}]}<\/script>\n<!-- \/ Yoast SEO plugin. -->","yoast_head_json":{"title":"L'Olimpic Arena de Badalona, epicentre dels eSports - olimpicarena","robots":{"index":"index","follow":"follow","max-snippet":"max-snippet:-1","max-image-preview":"max-image-preview:large","max-video-preview":"max-video-preview:-1"},"canonical":"https:\/\/www.olimpicarena.com\/ca\/olimpic-arena-de-badalona-epicentre-dels-esports\/","og_locale":"ca_ES","og_type":"article","og_title":"L'Olimpic Arena de Badalona, epicentre dels eSports - olimpicarena","og_description":"El OLIMPIC ARENA de Badalona ha estat aquest cap de setmana l\u2019escenari d\u2019un dels grans esdeveniments internacionals dels eSports: la gran final de la VCT EMEA de VALORANT, organitzada per Riot Games. Per primera vegada, les finals europees han sortit&hellip;Read more L&#8217;Olimpic Arena de Badalona, epicentre dels eSports &#8250;","og_url":"https:\/\/www.olimpicarena.com\/ca\/olimpic-arena-de-badalona-epicentre-dels-esports\/","og_site_name":"olimpicarena","article_published_time":"2026-09-01T10:09:08+00:00","article_modified_time":"2026-09-01T10:14:35+00:00","og_image":[{"width":1260,"height":840,"url":"https:\/\/www.olimpicarena.com\/wp-content\/uploads\/2026\/09\/55497905153_a0cd465f88_o.jpg","type":"image\/jpeg"}],"author":"olimpicarena","twitter_card":"summary_large_image","twitter_misc":{"Escrit per":"olimpicarena","Temps estimat de lectura":"2 minuts"},"schema":{"@context":"https:\/\/schema.org","@graph":[{"@type":"WebPage","@id":"https:\/\/www.olimpicarena.com\/ca\/olimpic-arena-de-badalona-epicentre-dels-esports\/","url":"https:\/\/www.olimpicarena.com\/ca\/olimpic-arena-de-badalona-epicentre-dels-esports\/","name":"L'Olimpic Arena de Badalona, epicentre dels eSports - olimpicarena","isPartOf":{"@id":"https:\/\/www.olimpicarena.com\/ca\/#website"},"primaryImageOfPage":{"@id":"https:\/\/www.olimpicarena.com\/ca\/olimpic-arena-de-badalona-epicentre-dels-esports\/#primaryimage"},"image":{"@id":"https:\/\/www.olimpicarena.com\/ca\/olimpic-arena-de-badalona-epicentre-dels-esports\/#primaryimage"},"thumbnailUrl":"https:\/\/www.olimpicarena.com\/wp-content\/uploads\/2026\/09\/55497905153_a0cd465f88_o.jpg","datePublished":"2026-09-01T10:09:08+00:00","dateModified":"2026-09-01T10:14:35+00:00","author":{"@id":"https:\/\/www.olimpicarena.com\/ca\/#\/schema\/person\/9d6083f339838e8c598ed354225493a0"},"breadcrumb":{"@id":"https:\/\/www.olimpicarena.com\/ca\/olimpic-arena-de-badalona-epicentre-dels-esports\/#breadcrumb"},"inLanguage":"ca","potentialAction":[{"@type":"ReadAction","target":["https:\/\/www.olimpicarena.com\/ca\/olimpic-arena-de-badalona-epicentre-dels-esports\/"]}]},{"@type":"ImageObject","inLanguage":"ca","@id":"https:\/\/www.olimpicarena.com\/ca\/olimpic-arena-de-badalona-epicentre-dels-esports\/#primaryimage","url":"https:\/\/www.olimpicarena.com\/wp-content\/uploads\/2026\/09\/55497905153_a0cd465f88_o.jpg","contentUrl":"https:\/\/www.olimpicarena.com\/wp-content\/uploads\/2026\/09\/55497905153_a0cd465f88_o.jpg","width":1260,"height":840,"caption":"VCT EMEA Finals de Valorant en el Olimpic Arena de Badalona"},{"@type":"BreadcrumbList","@id":"https:\/\/www.olimpicarena.com\/ca\/olimpic-arena-de-badalona-epicentre-dels-esports\/#breadcrumb","itemListElement":[{"@type":"ListItem","position":1,"name":"Home","item":"https:\/\/www.olimpicarena.com\/ca\/"},{"@type":"ListItem","position":2,"name":"L&#8217;Olimpic Arena de Badalona, epicentre dels eSports"}]},{"@type":"WebSite","@id":"https:\/\/www.olimpicarena.com\/ca\/#website","url":"https:\/\/www.olimpicarena.com\/ca\/","name":"olimpicarena","description":"","potentialAction":[{"@type":"SearchAction","target":{"@type":"EntryPoint","urlTemplate":"https:\/\/www.olimpicarena.com\/ca\/?s={search_term_string}"},"query-input":{"@type":"PropertyValueSpecification","valueRequired":true,"valueName":"search_term_string"}}],"inLanguage":"ca"},{"@type":"Person","@id":"https:\/\/www.olimpicarena.com\/ca\/#\/schema\/person\/9d6083f339838e8c598ed354225493a0","name":"olimpicarena","image":{"@type":"ImageObject","inLanguage":"ca","@id":"https:\/\/www.olimpicarena.com\/ca\/#\/schema\/person\/image\/","url":"https:\/\/secure.gravatar.com\/avatar\/963f0993d5292040115fa08f2030a00f9803a555d8024f9c3f19ff8e300d4822?s=96&d=mm&r=g","contentUrl":"https:\/\/secure.gravatar.com\/avatar\/963f0993d5292040115fa08f2030a00f9803a555d8024f9c3f19ff8e300d4822?s=96&d=mm&r=g","caption":"olimpicarena"},"sameAs":["https:\/\/www.olimpicarena.com"]}]}},"_links":{"self":[{"href":"https:\/\/www.olimpicarena.com\/ca\/wp-json\/wp\/v2\/posts\/5165","targetHints":{"allow":["GET"]}}],"collection":[{"href":"https:\/\/www.olimpicarena.com\/ca\/wp-json\/wp\/v2\/posts"}],"about":[{"href":"https:\/\/www.olimpicarena.com\/ca\/wp-json\/wp\/v2\/types\/post"}],"author":[{"embeddable":true,"href":"https:\/\/www.olimpicarena.com\/ca\/wp-json\/wp\/v2\/users\/3"}],"replies":[{"embeddable":true,"href":"https:\/\/www.olimpicarena.com\/ca\/wp-json\/wp\/v2\/comments?post=5165"}],"version-history":[{"count":2,"href":"https:\/\/www.olimpicarena.com\/ca\/wp-json\/wp\/v2\/posts\/5165\/revisions"}],"predecessor-version":[{"id":5169,"href":"https:\/\/www.olimpicarena.com\/ca\/wp-json\/wp\/v2\/posts\/5165\/revisions\/5169"}],"wp:featuredmedia":[{"embeddable":true,"href":"https:\/\/www.olimpicarena.com\/ca\/wp-json\/wp\/v2\/media\/5153"}],"wp:attachment":[{"href":"https:\/\/www.olimpicarena.com\/ca\/wp-json\/wp\/v2\/media?parent=5165"}],"wp:term":[{"taxonomy":"category","embeddable":true,"href":"https:\/\/www.olimpicarena.com\/ca\/wp-json\/wp\/v2\/categories?post=5165"},{"taxonomy":"post_tag","embeddable":true,"href":"https:\/\/www.olimpicarena.com\/ca\/wp-json\/wp\/v2\/tags?post=5165"}],"curies":[{"name":"wp","href":"https:\/\/api.w.org\/{rel}","templated":true}]}}