{"id":4814,"date":"2026-04-24T12:57:25","date_gmt":"2026-04-24T10:57:25","guid":{"rendered":"https:\/\/www.olimpicarena.com\/50o-aniversario-del-diario-el-punt-avui\/"},"modified":"2026-04-24T13:03:17","modified_gmt":"2026-04-24T11:03:17","slug":"50-aniversari-del-diari-el-punt-avui","status":"publish","type":"post","link":"https:\/\/www.olimpicarena.com\/ca\/50-aniversari-del-diari-el-punt-avui\/","title":{"rendered":"50\u00e8 aniversari del diari El Punt Avui"},"content":{"rendered":"<p data-start=\"0\" data-end=\"422\">El passat 22 d\u2019abril, l\u2019Olimpic Arena de Badalona va acollir una gran celebraci\u00f3 musical amb motiu del <strong>50\u00e8 aniversari del diari <em data-start=\"130\" data-end=\"144\">El Punt Avui<\/em><\/strong>. Prop de quatre hores d\u2019espectacle van reunir artistes destacats de l\u2019escena catalana com <strong>Els Amics de les Arts, Companyia El\u00e8ctrica Dharma, Llu\u00eds Llach, Joan Isaac, Sergi Carbonell i Miralls de Dylan<\/strong>, en una vetllada que va combinar m\u00fasica, mem\u00f2ria i reivindicaci\u00f3 cultural.<\/p>\n<p><center><img loading=\"lazy\" decoding=\"async\" class=\"size-full wp-image-4800 aligncenter\" src=\"https:\/\/www.olimpicarena.com\/wp-content\/uploads\/2026\/04\/0000043945.jpg\" alt=\"\" width=\"800\" height=\"533\" srcset=\"https:\/\/www.olimpicarena.com\/wp-content\/uploads\/2026\/04\/0000043945.jpg 800w, https:\/\/www.olimpicarena.com\/wp-content\/uploads\/2026\/04\/0000043945-768x511.jpg 768w, https:\/\/www.olimpicarena.com\/wp-content\/uploads\/2026\/04\/0000043945-1320x879.jpg 1320w\" sizes=\"auto, (max-width: 800px) 100vw, 800px\" \/><\/center><\/p>\n<p data-start=\"424\" data-end=\"885\">L\u2019acte es va inaugurar amb una emotiva interpretaci\u00f3 de \u201cEls segadors\u201d a c\u00e0rrec de la Coral Sant Medir, amb el p\u00fablic dempeus, i va incloure moments destacats com el retorn de \u201cHist\u00f2ria d\u2019un diari\u201d per part de Joan Isaac o l\u2019aparici\u00f3 de Llu\u00eds Llach, que va emocionar els assistents amb cl\u00e0ssics com \u201cQue tinguem sort\u201d. Tamb\u00e9 hi van destacar actuacions plenes d\u2019energia com les de la Companyia El\u00e8ctrica Dharma i propostes m\u00e9s \u00edntimes com la de Sergi Carbonell.<\/p>\n<p><center><img loading=\"lazy\" decoding=\"async\" class=\"size-full wp-image-4797 aligncenter\" src=\"https:\/\/www.olimpicarena.com\/wp-content\/uploads\/2026\/04\/0000043952.jpg\" alt=\"\" width=\"800\" height=\"533\" srcset=\"https:\/\/www.olimpicarena.com\/wp-content\/uploads\/2026\/04\/0000043952.jpg 800w, https:\/\/www.olimpicarena.com\/wp-content\/uploads\/2026\/04\/0000043952-768x511.jpg 768w, https:\/\/www.olimpicarena.com\/wp-content\/uploads\/2026\/04\/0000043952-1320x879.jpg 1320w\" sizes=\"auto, (max-width: 800px) 100vw, 800px\" \/><\/center><\/p>\n<p data-start=\"887\" data-end=\"1074\">El tancament va anar a c\u00e0rrec d\u2019Els Amics de les Arts, que van fer vibrar el recinte amb alguns dels seus grans \u00e8xits, culminant una nit festiva i participativa amb el p\u00fablic entregat.<\/p>\n<p><center><img loading=\"lazy\" decoding=\"async\" class=\"size-full wp-image-4794 aligncenter\" src=\"https:\/\/www.olimpicarena.com\/wp-content\/uploads\/2026\/04\/0000043927.jpg\" alt=\"\" width=\"320\" height=\"320\" srcset=\"https:\/\/www.olimpicarena.com\/wp-content\/uploads\/2026\/04\/0000043927.jpg 320w, https:\/\/www.olimpicarena.com\/wp-content\/uploads\/2026\/04\/0000043927-300x300.jpg 300w, https:\/\/www.olimpicarena.com\/wp-content\/uploads\/2026\/04\/0000043927-1024x1024.jpg 1024w, https:\/\/www.olimpicarena.com\/wp-content\/uploads\/2026\/04\/0000043927-150x150.jpg 150w, https:\/\/www.olimpicarena.com\/wp-content\/uploads\/2026\/04\/0000043927-768x768.jpg 768w, https:\/\/www.olimpicarena.com\/wp-content\/uploads\/2026\/04\/0000043927-1536x1536.jpg 1536w, https:\/\/www.olimpicarena.com\/wp-content\/uploads\/2026\/04\/0000043927-2048x2048.jpg 2048w, https:\/\/www.olimpicarena.com\/wp-content\/uploads\/2026\/04\/0000043927-1320x1320.jpg 1320w\" sizes=\"auto, (max-width: 320px) 100vw, 320px\" \/><\/center><\/p>\n<p data-start=\"1076\" data-end=\"1274\" data-is-last-node=\"\" data-is-only-node=\"\">La celebraci\u00f3 va reunir <strong>milers d\u2019assistents<\/strong> en una jornada que va posar en valor la llengua, la cultura i la m\u00fasica del pa\u00eds, convertint l\u2019Olimpic Arena en l\u2019escenari d\u2019una commemoraci\u00f3 memorable.<\/p>\n<p><center><img loading=\"lazy\" decoding=\"async\" class=\"size-full wp-image-4785 aligncenter\" src=\"https:\/\/www.olimpicarena.com\/wp-content\/uploads\/2026\/04\/0000043888.jpg\" alt=\"\" width=\"800\" height=\"450\" srcset=\"https:\/\/www.olimpicarena.com\/wp-content\/uploads\/2026\/04\/0000043888.jpg 800w, https:\/\/www.olimpicarena.com\/wp-content\/uploads\/2026\/04\/0000043888-768x432.jpg 768w, https:\/\/www.olimpicarena.com\/wp-content\/uploads\/2026\/04\/0000043888-1320x742.jpg 1320w\" sizes=\"auto, (max-width: 800px) 100vw, 800px\" \/><\/center><\/p>\n","protected":false},"excerpt":{"rendered":"<p>El passat 22 d\u2019abril, l\u2019Olimpic Arena de Badalona va acollir una gran celebraci\u00f3 musical amb motiu del 50\u00e8 aniversari del diari El Punt Avui. Prop de quatre hores d\u2019espectacle van reunir artistes destacats de l\u2019escena catalana com Els Amics de<span class=\"ellipsis\">&hellip;<\/span><\/p>\n<div class=\"read-more\"><a href=\"https:\/\/www.olimpicarena.com\/ca\/50-aniversari-del-diari-el-punt-avui\/\">Read more <span class=\"screen-reader-text\">50\u00e8 aniversari del diari El Punt Avui<\/span><span class=\"meta-nav\"> &#8250;<\/span><\/a><\/div>\n<p><!-- end of .read-more --><\/p>\n","protected":false},"author":3,"featured_media":4807,"comment_status":"open","ping_status":"open","sticky":false,"template":"","format":"standard","meta":{"_acf_changed":false,"inline_featured_image":false,"footnotes":""},"categories":[19],"tags":[],"class_list":["post-4814","post","type-post","status-publish","format-standard","has-post-thumbnail","hentry","category-uncategorized-ca"],"acf":[],"yoast_head":"<!-- This site is optimized with the Yoast SEO plugin v24.7 - https:\/\/yoast.com\/wordpress\/plugins\/seo\/ -->\n<title>50\u00e8 aniversari del diari El Punt Avui - olimpicarena<\/title>\n<meta name=\"robots\" content=\"index, follow, max-snippet:-1, max-image-preview:large, max-video-preview:-1\" \/>\n<link rel=\"canonical\" href=\"https:\/\/www.olimpicarena.com\/ca\/50-aniversari-del-diari-el-punt-avui\/\" \/>\n<meta property=\"og:locale\" content=\"ca_ES\" \/>\n<meta property=\"og:type\" content=\"article\" \/>\n<meta property=\"og:title\" content=\"50\u00e8 aniversari del diari El Punt Avui - olimpicarena\" \/>\n<meta property=\"og:description\" content=\"El passat 22 d\u2019abril, l\u2019Olimpic Arena de Badalona va acollir una gran celebraci\u00f3 musical amb motiu del 50\u00e8 aniversari del diari El Punt Avui. Prop de quatre hores d\u2019espectacle van reunir artistes destacats de l\u2019escena catalana com Els Amics de&hellip;Read more 50\u00e8 aniversari del diari El Punt Avui &#8250;\" \/>\n<meta property=\"og:url\" content=\"https:\/\/www.olimpicarena.com\/ca\/50-aniversari-del-diari-el-punt-avui\/\" \/>\n<meta property=\"og:site_name\" content=\"olimpicarena\" \/>\n<meta property=\"article:published_time\" content=\"2026-04-24T10:57:25+00:00\" \/>\n<meta property=\"article:modified_time\" content=\"2026-04-24T11:03:17+00:00\" \/>\n<meta property=\"og:image\" content=\"https:\/\/www.olimpicarena.com\/wp-content\/uploads\/2026\/04\/0000043923.jpg\" \/>\n\t<meta property=\"og:image:width\" content=\"800\" \/>\n\t<meta property=\"og:image:height\" content=\"533\" \/>\n\t<meta property=\"og:image:type\" content=\"image\/jpeg\" \/>\n<meta name=\"author\" content=\"olimpicarena\" \/>\n<meta name=\"twitter:card\" content=\"summary_large_image\" \/>\n<meta name=\"twitter:label1\" content=\"Escrit per\" \/>\n\t<meta name=\"twitter:data1\" content=\"olimpicarena\" \/>\n\t<meta name=\"twitter:label2\" content=\"Temps estimat de lectura\" \/>\n\t<meta name=\"twitter:data2\" content=\"2 minuts\" \/>\n<script type=\"application\/ld+json\" class=\"yoast-schema-graph\">{\"@context\":\"https:\/\/schema.org\",\"@graph\":[{\"@type\":\"WebPage\",\"@id\":\"https:\/\/www.olimpicarena.com\/ca\/50-aniversari-del-diari-el-punt-avui\/\",\"url\":\"https:\/\/www.olimpicarena.com\/ca\/50-aniversari-del-diari-el-punt-avui\/\",\"name\":\"50\u00e8 aniversari del diari El Punt Avui - olimpicarena\",\"isPartOf\":{\"@id\":\"https:\/\/www.olimpicarena.com\/ca\/#website\"},\"primaryImageOfPage\":{\"@id\":\"https:\/\/www.olimpicarena.com\/ca\/50-aniversari-del-diari-el-punt-avui\/#primaryimage\"},\"image\":{\"@id\":\"https:\/\/www.olimpicarena.com\/ca\/50-aniversari-del-diari-el-punt-avui\/#primaryimage\"},\"thumbnailUrl\":\"https:\/\/www.olimpicarena.com\/wp-content\/uploads\/2026\/04\/0000043923.jpg\",\"datePublished\":\"2026-04-24T10:57:25+00:00\",\"dateModified\":\"2026-04-24T11:03:17+00:00\",\"author\":{\"@id\":\"https:\/\/www.olimpicarena.com\/ca\/#\/schema\/person\/9d6083f339838e8c598ed354225493a0\"},\"breadcrumb\":{\"@id\":\"https:\/\/www.olimpicarena.com\/ca\/50-aniversari-del-diari-el-punt-avui\/#breadcrumb\"},\"inLanguage\":\"ca\",\"potentialAction\":[{\"@type\":\"ReadAction\",\"target\":[\"https:\/\/www.olimpicarena.com\/ca\/50-aniversari-del-diari-el-punt-avui\/\"]}]},{\"@type\":\"ImageObject\",\"inLanguage\":\"ca\",\"@id\":\"https:\/\/www.olimpicarena.com\/ca\/50-aniversari-del-diari-el-punt-avui\/#primaryimage\",\"url\":\"https:\/\/www.olimpicarena.com\/wp-content\/uploads\/2026\/04\/0000043923.jpg\",\"contentUrl\":\"https:\/\/www.olimpicarena.com\/wp-content\/uploads\/2026\/04\/0000043923.jpg\",\"width\":800,\"height\":533},{\"@type\":\"BreadcrumbList\",\"@id\":\"https:\/\/www.olimpicarena.com\/ca\/50-aniversari-del-diari-el-punt-avui\/#breadcrumb\",\"itemListElement\":[{\"@type\":\"ListItem\",\"position\":1,\"name\":\"Home\",\"item\":\"https:\/\/www.olimpicarena.com\/ca\/\"},{\"@type\":\"ListItem\",\"position\":2,\"name\":\"50\u00e8 aniversari del diari El Punt Avui\"}]},{\"@type\":\"WebSite\",\"@id\":\"https:\/\/www.olimpicarena.com\/ca\/#website\",\"url\":\"https:\/\/www.olimpicarena.com\/ca\/\",\"name\":\"olimpicarena\",\"description\":\"\",\"potentialAction\":[{\"@type\":\"SearchAction\",\"target\":{\"@type\":\"EntryPoint\",\"urlTemplate\":\"https:\/\/www.olimpicarena.com\/ca\/?s={search_term_string}\"},\"query-input\":{\"@type\":\"PropertyValueSpecification\",\"valueRequired\":true,\"valueName\":\"search_term_string\"}}],\"inLanguage\":\"ca\"},{\"@type\":\"Person\",\"@id\":\"https:\/\/www.olimpicarena.com\/ca\/#\/schema\/person\/9d6083f339838e8c598ed354225493a0\",\"name\":\"olimpicarena\",\"image\":{\"@type\":\"ImageObject\",\"inLanguage\":\"ca\",\"@id\":\"https:\/\/www.olimpicarena.com\/ca\/#\/schema\/person\/image\/\",\"url\":\"https:\/\/secure.gravatar.com\/avatar\/963f0993d5292040115fa08f2030a00f9803a555d8024f9c3f19ff8e300d4822?s=96&d=mm&r=g\",\"contentUrl\":\"https:\/\/secure.gravatar.com\/avatar\/963f0993d5292040115fa08f2030a00f9803a555d8024f9c3f19ff8e300d4822?s=96&d=mm&r=g\",\"caption\":\"olimpicarena\"},\"sameAs\":[\"https:\/\/www.olimpicarena.com\"]}]}<\/script>\n<!-- \/ Yoast SEO plugin. -->","yoast_head_json":{"title":"50\u00e8 aniversari del diari El Punt Avui - olimpicarena","robots":{"index":"index","follow":"follow","max-snippet":"max-snippet:-1","max-image-preview":"max-image-preview:large","max-video-preview":"max-video-preview:-1"},"canonical":"https:\/\/www.olimpicarena.com\/ca\/50-aniversari-del-diari-el-punt-avui\/","og_locale":"ca_ES","og_type":"article","og_title":"50\u00e8 aniversari del diari El Punt Avui - olimpicarena","og_description":"El passat 22 d\u2019abril, l\u2019Olimpic Arena de Badalona va acollir una gran celebraci\u00f3 musical amb motiu del 50\u00e8 aniversari del diari El Punt Avui. Prop de quatre hores d\u2019espectacle van reunir artistes destacats de l\u2019escena catalana com Els Amics de&hellip;Read more 50\u00e8 aniversari del diari El Punt Avui &#8250;","og_url":"https:\/\/www.olimpicarena.com\/ca\/50-aniversari-del-diari-el-punt-avui\/","og_site_name":"olimpicarena","article_published_time":"2026-04-24T10:57:25+00:00","article_modified_time":"2026-04-24T11:03:17+00:00","og_image":[{"width":800,"height":533,"url":"https:\/\/www.olimpicarena.com\/wp-content\/uploads\/2026\/04\/0000043923.jpg","type":"image\/jpeg"}],"author":"olimpicarena","twitter_card":"summary_large_image","twitter_misc":{"Escrit per":"olimpicarena","Temps estimat de lectura":"2 minuts"},"schema":{"@context":"https:\/\/schema.org","@graph":[{"@type":"WebPage","@id":"https:\/\/www.olimpicarena.com\/ca\/50-aniversari-del-diari-el-punt-avui\/","url":"https:\/\/www.olimpicarena.com\/ca\/50-aniversari-del-diari-el-punt-avui\/","name":"50\u00e8 aniversari del diari El Punt Avui - olimpicarena","isPartOf":{"@id":"https:\/\/www.olimpicarena.com\/ca\/#website"},"primaryImageOfPage":{"@id":"https:\/\/www.olimpicarena.com\/ca\/50-aniversari-del-diari-el-punt-avui\/#primaryimage"},"image":{"@id":"https:\/\/www.olimpicarena.com\/ca\/50-aniversari-del-diari-el-punt-avui\/#primaryimage"},"thumbnailUrl":"https:\/\/www.olimpicarena.com\/wp-content\/uploads\/2026\/04\/0000043923.jpg","datePublished":"2026-04-24T10:57:25+00:00","dateModified":"2026-04-24T11:03:17+00:00","author":{"@id":"https:\/\/www.olimpicarena.com\/ca\/#\/schema\/person\/9d6083f339838e8c598ed354225493a0"},"breadcrumb":{"@id":"https:\/\/www.olimpicarena.com\/ca\/50-aniversari-del-diari-el-punt-avui\/#breadcrumb"},"inLanguage":"ca","potentialAction":[{"@type":"ReadAction","target":["https:\/\/www.olimpicarena.com\/ca\/50-aniversari-del-diari-el-punt-avui\/"]}]},{"@type":"ImageObject","inLanguage":"ca","@id":"https:\/\/www.olimpicarena.com\/ca\/50-aniversari-del-diari-el-punt-avui\/#primaryimage","url":"https:\/\/www.olimpicarena.com\/wp-content\/uploads\/2026\/04\/0000043923.jpg","contentUrl":"https:\/\/www.olimpicarena.com\/wp-content\/uploads\/2026\/04\/0000043923.jpg","width":800,"height":533},{"@type":"BreadcrumbList","@id":"https:\/\/www.olimpicarena.com\/ca\/50-aniversari-del-diari-el-punt-avui\/#breadcrumb","itemListElement":[{"@type":"ListItem","position":1,"name":"Home","item":"https:\/\/www.olimpicarena.com\/ca\/"},{"@type":"ListItem","position":2,"name":"50\u00e8 aniversari del diari El Punt Avui"}]},{"@type":"WebSite","@id":"https:\/\/www.olimpicarena.com\/ca\/#website","url":"https:\/\/www.olimpicarena.com\/ca\/","name":"olimpicarena","description":"","potentialAction":[{"@type":"SearchAction","target":{"@type":"EntryPoint","urlTemplate":"https:\/\/www.olimpicarena.com\/ca\/?s={search_term_string}"},"query-input":{"@type":"PropertyValueSpecification","valueRequired":true,"valueName":"search_term_string"}}],"inLanguage":"ca"},{"@type":"Person","@id":"https:\/\/www.olimpicarena.com\/ca\/#\/schema\/person\/9d6083f339838e8c598ed354225493a0","name":"olimpicarena","image":{"@type":"ImageObject","inLanguage":"ca","@id":"https:\/\/www.olimpicarena.com\/ca\/#\/schema\/person\/image\/","url":"https:\/\/secure.gravatar.com\/avatar\/963f0993d5292040115fa08f2030a00f9803a555d8024f9c3f19ff8e300d4822?s=96&d=mm&r=g","contentUrl":"https:\/\/secure.gravatar.com\/avatar\/963f0993d5292040115fa08f2030a00f9803a555d8024f9c3f19ff8e300d4822?s=96&d=mm&r=g","caption":"olimpicarena"},"sameAs":["https:\/\/www.olimpicarena.com"]}]}},"_links":{"self":[{"href":"https:\/\/www.olimpicarena.com\/ca\/wp-json\/wp\/v2\/posts\/4814","targetHints":{"allow":["GET"]}}],"collection":[{"href":"https:\/\/www.olimpicarena.com\/ca\/wp-json\/wp\/v2\/posts"}],"about":[{"href":"https:\/\/www.olimpicarena.com\/ca\/wp-json\/wp\/v2\/types\/post"}],"author":[{"embeddable":true,"href":"https:\/\/www.olimpicarena.com\/ca\/wp-json\/wp\/v2\/users\/3"}],"replies":[{"embeddable":true,"href":"https:\/\/www.olimpicarena.com\/ca\/wp-json\/wp\/v2\/comments?post=4814"}],"version-history":[{"count":1,"href":"https:\/\/www.olimpicarena.com\/ca\/wp-json\/wp\/v2\/posts\/4814\/revisions"}],"predecessor-version":[{"id":4816,"href":"https:\/\/www.olimpicarena.com\/ca\/wp-json\/wp\/v2\/posts\/4814\/revisions\/4816"}],"wp:featuredmedia":[{"embeddable":true,"href":"https:\/\/www.olimpicarena.com\/ca\/wp-json\/wp\/v2\/media\/4807"}],"wp:attachment":[{"href":"https:\/\/www.olimpicarena.com\/ca\/wp-json\/wp\/v2\/media?parent=4814"}],"wp:term":[{"taxonomy":"category","embeddable":true,"href":"https:\/\/www.olimpicarena.com\/ca\/wp-json\/wp\/v2\/categories?post=4814"},{"taxonomy":"post_tag","embeddable":true,"href":"https:\/\/www.olimpicarena.com\/ca\/wp-json\/wp\/v2\/tags?post=4814"}],"curies":[{"name":"wp","href":"https:\/\/api.w.org\/{rel}","templated":true}]}}