{"id":4357,"date":"2025-11-25T10:26:57","date_gmt":"2025-11-25T09:26:57","guid":{"rendered":"https:\/\/www.olimpicarena.com\/?p=4357"},"modified":"2026-01-13T10:43:41","modified_gmt":"2026-01-13T09:43:41","slug":"marilyn-manson-visceral-a-lolimpic-arena","status":"publish","type":"post","link":"https:\/\/www.olimpicarena.com\/ca\/marilyn-manson-visceral-a-lolimpic-arena\/","title":{"rendered":"Marilyn Manson, visceral a l\u2019Olimpic Arena"},"content":{"rendered":"<p><strong>Marilyn Manson<\/strong> va deixar empremta a l\u2019<strong>Olimpic Arena de Badalona<\/strong> el passat 27 de novembre amb una actuaci\u00f3 que va confirmar per qu\u00e8 continua sent un dels noms m\u00e9s influents i pertorbadors del rock contemporani. La parada al recinte formava part de la gira \u201cOne Assassination Under God Tour\u201d, el seu esperat retorn a Europa despr\u00e9s d\u2019anys allunyat dels escenaris. La cita va reunir milers de seguidors que van viure un directe intens, fosc i carregat de teatralitat, fidel a l\u2019est\u00e8tica extrema que ha acompanyat l\u2019artista al llarg de tota la seva carrera.<\/p>\n<p>El repertori va combinar cl\u00e0ssics com \u201cThe Beautiful People\u201d o \u201cmOBSCENE\u201d amb noves peces de <em>One Assassination Under God \u2013 Chapter 1<\/em>, el seu dotz\u00e8 \u00e0lbum, on Manson torna a explorar els seus temes predilectes: la tensi\u00f3 entre all\u00f2 sagrat i all\u00f2 prof\u00e0, la redempci\u00f3, el desig i el vessant m\u00e9s visceral de l\u2019\u00e9sser hum\u00e0. Sobre l\u2019escenari, cada can\u00e7\u00f3 va funcionar com un petit ritual, subratllat per una posada en escena brutal.<\/p>\n<p>La vetllada va arrencar amb <strong>Dead Posey<\/strong>, la seva energia crua i est\u00e8tica fosca van encaixar de manera natural amb l\u2019atmosfera de la nit. Una cita que quedar\u00e0 a la mem\u00f2ria de l\u2019Olimpic com un desplegament de magnetisme i provocaci\u00f3.<\/p>\n<p>Et deixem amb les millors fotos de l\u2019actuaci\u00f3 de Marilyn Manson!<\/p>\n<p><img loading=\"lazy\" decoding=\"async\" class=\"alignnone size-full wp-image-4338\" src=\"https:\/\/www.olimpicarena.com\/wp-content\/uploads\/2026\/01\/Marilyn-Manson_Olimpic-Arena-Badalona_2025_\u00a9Sergi-Parames_@furalabfoto_8A0889.jpg\" alt=\"\" width=\"2400\" height=\"1600\" srcset=\"https:\/\/www.olimpicarena.com\/wp-content\/uploads\/2026\/01\/Marilyn-Manson_Olimpic-Arena-Badalona_2025_\u00a9Sergi-Parames_@furalabfoto_8A0889.jpg 2400w, https:\/\/www.olimpicarena.com\/wp-content\/uploads\/2026\/01\/Marilyn-Manson_Olimpic-Arena-Badalona_2025_\u00a9Sergi-Parames_@furalabfoto_8A0889-768x512.jpg 768w, https:\/\/www.olimpicarena.com\/wp-content\/uploads\/2026\/01\/Marilyn-Manson_Olimpic-Arena-Badalona_2025_\u00a9Sergi-Parames_@furalabfoto_8A0889-1320x880.jpg 1320w\" sizes=\"auto, (max-width: 2400px) 100vw, 2400px\" \/> <img loading=\"lazy\" decoding=\"async\" class=\"alignnone size-full wp-image-4335\" src=\"https:\/\/www.olimpicarena.com\/wp-content\/uploads\/2026\/01\/Marilyn-Manson_Olimpic-Arena-Badalona_2025_\u00a9Sergi-Parames_@furalabfoto_2A5089.jpg\" alt=\"\" width=\"2400\" height=\"1600\" srcset=\"https:\/\/www.olimpicarena.com\/wp-content\/uploads\/2026\/01\/Marilyn-Manson_Olimpic-Arena-Badalona_2025_\u00a9Sergi-Parames_@furalabfoto_2A5089.jpg 2400w, https:\/\/www.olimpicarena.com\/wp-content\/uploads\/2026\/01\/Marilyn-Manson_Olimpic-Arena-Badalona_2025_\u00a9Sergi-Parames_@furalabfoto_2A5089-768x512.jpg 768w, https:\/\/www.olimpicarena.com\/wp-content\/uploads\/2026\/01\/Marilyn-Manson_Olimpic-Arena-Badalona_2025_\u00a9Sergi-Parames_@furalabfoto_2A5089-1320x880.jpg 1320w\" sizes=\"auto, (max-width: 2400px) 100vw, 2400px\" \/> <img loading=\"lazy\" decoding=\"async\" class=\"alignnone size-full wp-image-4344\" src=\"https:\/\/www.olimpicarena.com\/wp-content\/uploads\/2026\/01\/Marilyn-Manson_Olimpic-Arena-Badalona_2025_\u00a9Sergi-Parames_@furalabfoto_8A0915.jpg\" alt=\"\" width=\"2400\" height=\"1600\" srcset=\"https:\/\/www.olimpicarena.com\/wp-content\/uploads\/2026\/01\/Marilyn-Manson_Olimpic-Arena-Badalona_2025_\u00a9Sergi-Parames_@furalabfoto_8A0915.jpg 2400w, https:\/\/www.olimpicarena.com\/wp-content\/uploads\/2026\/01\/Marilyn-Manson_Olimpic-Arena-Badalona_2025_\u00a9Sergi-Parames_@furalabfoto_8A0915-768x512.jpg 768w, https:\/\/www.olimpicarena.com\/wp-content\/uploads\/2026\/01\/Marilyn-Manson_Olimpic-Arena-Badalona_2025_\u00a9Sergi-Parames_@furalabfoto_8A0915-1320x880.jpg 1320w\" sizes=\"auto, (max-width: 2400px) 100vw, 2400px\" \/> <img loading=\"lazy\" decoding=\"async\" class=\"alignnone size-full wp-image-4347\" src=\"https:\/\/www.olimpicarena.com\/wp-content\/uploads\/2026\/01\/Marilyn-Manson_Olimpic-Arena-Badalona_2025_\u00a9Sergi-Parames_@furalabfoto_8A0919.jpg\" alt=\"\" width=\"2400\" height=\"1600\" srcset=\"https:\/\/www.olimpicarena.com\/wp-content\/uploads\/2026\/01\/Marilyn-Manson_Olimpic-Arena-Badalona_2025_\u00a9Sergi-Parames_@furalabfoto_8A0919.jpg 2400w, https:\/\/www.olimpicarena.com\/wp-content\/uploads\/2026\/01\/Marilyn-Manson_Olimpic-Arena-Badalona_2025_\u00a9Sergi-Parames_@furalabfoto_8A0919-768x512.jpg 768w, https:\/\/www.olimpicarena.com\/wp-content\/uploads\/2026\/01\/Marilyn-Manson_Olimpic-Arena-Badalona_2025_\u00a9Sergi-Parames_@furalabfoto_8A0919-1320x880.jpg 1320w\" sizes=\"auto, (max-width: 2400px) 100vw, 2400px\" \/> <img loading=\"lazy\" decoding=\"async\" class=\"alignnone size-full wp-image-4341\" src=\"https:\/\/www.olimpicarena.com\/wp-content\/uploads\/2026\/01\/Marilyn-Manson_Olimpic-Arena-Badalona_2025_\u00a9Sergi-Parames_@furalabfoto_8A0900.jpg\" alt=\"\" width=\"2400\" height=\"1600\" srcset=\"https:\/\/www.olimpicarena.com\/wp-content\/uploads\/2026\/01\/Marilyn-Manson_Olimpic-Arena-Badalona_2025_\u00a9Sergi-Parames_@furalabfoto_8A0900.jpg 2400w, https:\/\/www.olimpicarena.com\/wp-content\/uploads\/2026\/01\/Marilyn-Manson_Olimpic-Arena-Badalona_2025_\u00a9Sergi-Parames_@furalabfoto_8A0900-768x512.jpg 768w, https:\/\/www.olimpicarena.com\/wp-content\/uploads\/2026\/01\/Marilyn-Manson_Olimpic-Arena-Badalona_2025_\u00a9Sergi-Parames_@furalabfoto_8A0900-1320x880.jpg 1320w\" sizes=\"auto, (max-width: 2400px) 100vw, 2400px\" \/> <img loading=\"lazy\" decoding=\"async\" class=\"alignnone size-full wp-image-4329\" src=\"https:\/\/www.olimpicarena.com\/wp-content\/uploads\/2026\/01\/Marilyn-Manson_Olimpic-Arena-Badalona_2025_\u00a9Sergi-Parames_@furalabfoto_2A5042.jpg\" alt=\"\" width=\"2400\" height=\"1600\" srcset=\"https:\/\/www.olimpicarena.com\/wp-content\/uploads\/2026\/01\/Marilyn-Manson_Olimpic-Arena-Badalona_2025_\u00a9Sergi-Parames_@furalabfoto_2A5042.jpg 2400w, https:\/\/www.olimpicarena.com\/wp-content\/uploads\/2026\/01\/Marilyn-Manson_Olimpic-Arena-Badalona_2025_\u00a9Sergi-Parames_@furalabfoto_2A5042-768x512.jpg 768w, https:\/\/www.olimpicarena.com\/wp-content\/uploads\/2026\/01\/Marilyn-Manson_Olimpic-Arena-Badalona_2025_\u00a9Sergi-Parames_@furalabfoto_2A5042-1320x880.jpg 1320w\" sizes=\"auto, (max-width: 2400px) 100vw, 2400px\" \/> <img loading=\"lazy\" decoding=\"async\" class=\"alignnone size-full wp-image-4350\" src=\"https:\/\/www.olimpicarena.com\/wp-content\/uploads\/2026\/01\/Marilyn-Manson_Olimpic-Arena-Badalona_2025_\u00a9Sergi-Parames_@furalabfoto_8A0936.jpg\" alt=\"\" width=\"2400\" height=\"1600\" srcset=\"https:\/\/www.olimpicarena.com\/wp-content\/uploads\/2026\/01\/Marilyn-Manson_Olimpic-Arena-Badalona_2025_\u00a9Sergi-Parames_@furalabfoto_8A0936.jpg 2400w, https:\/\/www.olimpicarena.com\/wp-content\/uploads\/2026\/01\/Marilyn-Manson_Olimpic-Arena-Badalona_2025_\u00a9Sergi-Parames_@furalabfoto_8A0936-768x512.jpg 768w, https:\/\/www.olimpicarena.com\/wp-content\/uploads\/2026\/01\/Marilyn-Manson_Olimpic-Arena-Badalona_2025_\u00a9Sergi-Parames_@furalabfoto_8A0936-1320x880.jpg 1320w\" sizes=\"auto, (max-width: 2400px) 100vw, 2400px\" \/> <img loading=\"lazy\" decoding=\"async\" class=\"alignnone size-full wp-image-4326\" src=\"https:\/\/www.olimpicarena.com\/wp-content\/uploads\/2026\/01\/Marilyn-Manson_Olimpic-Arena-Badalona_2025_\u00a9Sergi-Parames_@furalabfoto_2A5027.jpg\" alt=\"\" width=\"2400\" height=\"1600\" srcset=\"https:\/\/www.olimpicarena.com\/wp-content\/uploads\/2026\/01\/Marilyn-Manson_Olimpic-Arena-Badalona_2025_\u00a9Sergi-Parames_@furalabfoto_2A5027.jpg 2400w, https:\/\/www.olimpicarena.com\/wp-content\/uploads\/2026\/01\/Marilyn-Manson_Olimpic-Arena-Badalona_2025_\u00a9Sergi-Parames_@furalabfoto_2A5027-768x512.jpg 768w, https:\/\/www.olimpicarena.com\/wp-content\/uploads\/2026\/01\/Marilyn-Manson_Olimpic-Arena-Badalona_2025_\u00a9Sergi-Parames_@furalabfoto_2A5027-1320x880.jpg 1320w\" sizes=\"auto, (max-width: 2400px) 100vw, 2400px\" \/> <img loading=\"lazy\" decoding=\"async\" class=\"alignnone size-full wp-image-4353\" src=\"https:\/\/www.olimpicarena.com\/wp-content\/uploads\/2026\/01\/Marilyn-Manson_Olimpic-Arena-Badalona_2025_\u00a9Sergi-Parames_@furalabfoto_8A0988.jpg\" alt=\"\" width=\"1600\" height=\"2400\" srcset=\"https:\/\/www.olimpicarena.com\/wp-content\/uploads\/2026\/01\/Marilyn-Manson_Olimpic-Arena-Badalona_2025_\u00a9Sergi-Parames_@furalabfoto_8A0988.jpg 1600w, https:\/\/www.olimpicarena.com\/wp-content\/uploads\/2026\/01\/Marilyn-Manson_Olimpic-Arena-Badalona_2025_\u00a9Sergi-Parames_@furalabfoto_8A0988-768x1152.jpg 768w, https:\/\/www.olimpicarena.com\/wp-content\/uploads\/2026\/01\/Marilyn-Manson_Olimpic-Arena-Badalona_2025_\u00a9Sergi-Parames_@furalabfoto_8A0988-1320x1980.jpg 1320w\" sizes=\"auto, (max-width: 1600px) 100vw, 1600px\" \/> <img loading=\"lazy\" decoding=\"async\" class=\"alignnone size-full wp-image-4332\" src=\"https:\/\/www.olimpicarena.com\/wp-content\/uploads\/2026\/01\/Marilyn-Manson_Olimpic-Arena-Badalona_2025_\u00a9Sergi-Parames_@furalabfoto_2A5072.jpg\" alt=\"\" width=\"2400\" height=\"1600\" srcset=\"https:\/\/www.olimpicarena.com\/wp-content\/uploads\/2026\/01\/Marilyn-Manson_Olimpic-Arena-Badalona_2025_\u00a9Sergi-Parames_@furalabfoto_2A5072.jpg 2400w, https:\/\/www.olimpicarena.com\/wp-content\/uploads\/2026\/01\/Marilyn-Manson_Olimpic-Arena-Badalona_2025_\u00a9Sergi-Parames_@furalabfoto_2A5072-768x512.jpg 768w, https:\/\/www.olimpicarena.com\/wp-content\/uploads\/2026\/01\/Marilyn-Manson_Olimpic-Arena-Badalona_2025_\u00a9Sergi-Parames_@furalabfoto_2A5072-1320x880.jpg 1320w\" sizes=\"auto, (max-width: 2400px) 100vw, 2400px\" \/><\/p>\n","protected":false},"excerpt":{"rendered":"<p>Marilyn Manson va deixar empremta a l\u2019Olimpic Arena de Badalona el passat 27 de novembre amb una actuaci\u00f3 que va confirmar per qu\u00e8 continua sent un dels noms m\u00e9s influents i pertorbadors del rock contemporani. La parada al recinte formava<span class=\"ellipsis\">&hellip;<\/span><\/p>\n<div class=\"read-more\"><a href=\"https:\/\/www.olimpicarena.com\/ca\/marilyn-manson-visceral-a-lolimpic-arena\/\">Read more <span class=\"screen-reader-text\">Marilyn Manson, visceral a l\u2019Olimpic Arena<\/span><span class=\"meta-nav\"> &#8250;<\/span><\/a><\/div>\n<p><!-- end of .read-more --><\/p>\n","protected":false},"author":3,"featured_media":4336,"comment_status":"open","ping_status":"open","sticky":false,"template":"","format":"standard","meta":{"_acf_changed":false,"inline_featured_image":false,"footnotes":""},"categories":[19],"tags":[],"class_list":["post-4357","post","type-post","status-publish","format-standard","has-post-thumbnail","hentry","category-uncategorized-ca"],"acf":[],"yoast_head":"<!-- This site is optimized with the Yoast SEO plugin v24.7 - https:\/\/yoast.com\/wordpress\/plugins\/seo\/ -->\n<title>Marilyn Manson, visceral a l\u2019Olimpic Arena - olimpicarena<\/title>\n<meta name=\"robots\" content=\"index, follow, max-snippet:-1, max-image-preview:large, max-video-preview:-1\" \/>\n<link rel=\"canonical\" href=\"https:\/\/www.olimpicarena.com\/ca\/marilyn-manson-visceral-a-lolimpic-arena\/\" \/>\n<meta property=\"og:locale\" content=\"ca_ES\" \/>\n<meta property=\"og:type\" content=\"article\" \/>\n<meta property=\"og:title\" content=\"Marilyn Manson, visceral a l\u2019Olimpic Arena - olimpicarena\" \/>\n<meta property=\"og:description\" content=\"Marilyn Manson va deixar empremta a l\u2019Olimpic Arena de Badalona el passat 27 de novembre amb una actuaci\u00f3 que va confirmar per qu\u00e8 continua sent un dels noms m\u00e9s influents i pertorbadors del rock contemporani. La parada al recinte formava&hellip;Read more Marilyn Manson, visceral a l\u2019Olimpic Arena &#8250;\" \/>\n<meta property=\"og:url\" content=\"https:\/\/www.olimpicarena.com\/ca\/marilyn-manson-visceral-a-lolimpic-arena\/\" \/>\n<meta property=\"og:site_name\" content=\"olimpicarena\" \/>\n<meta property=\"article:published_time\" content=\"2025-11-25T09:26:57+00:00\" \/>\n<meta property=\"article:modified_time\" content=\"2026-01-13T09:43:41+00:00\" \/>\n<meta property=\"og:image\" content=\"https:\/\/www.olimpicarena.com\/wp-content\/uploads\/2026\/01\/Marilyn-Manson_Olimpic-Arena-Badalona_2025_\u00a9Sergi-Parames_@furalabfoto_2A5089.jpg\" \/>\n\t<meta property=\"og:image:width\" content=\"2400\" \/>\n\t<meta property=\"og:image:height\" content=\"1600\" \/>\n\t<meta property=\"og:image:type\" content=\"image\/jpeg\" \/>\n<meta name=\"author\" content=\"olimpicarena\" \/>\n<meta name=\"twitter:card\" content=\"summary_large_image\" \/>\n<meta name=\"twitter:label1\" content=\"Escrit per\" \/>\n\t<meta name=\"twitter:data1\" content=\"olimpicarena\" \/>\n\t<meta name=\"twitter:label2\" content=\"Temps estimat de lectura\" \/>\n\t<meta name=\"twitter:data2\" content=\"3 minuts\" \/>\n<script type=\"application\/ld+json\" class=\"yoast-schema-graph\">{\"@context\":\"https:\/\/schema.org\",\"@graph\":[{\"@type\":\"WebPage\",\"@id\":\"https:\/\/www.olimpicarena.com\/ca\/marilyn-manson-visceral-a-lolimpic-arena\/\",\"url\":\"https:\/\/www.olimpicarena.com\/ca\/marilyn-manson-visceral-a-lolimpic-arena\/\",\"name\":\"Marilyn Manson, visceral a l\u2019Olimpic Arena - olimpicarena\",\"isPartOf\":{\"@id\":\"https:\/\/www.olimpicarena.com\/ca\/#website\"},\"primaryImageOfPage\":{\"@id\":\"https:\/\/www.olimpicarena.com\/ca\/marilyn-manson-visceral-a-lolimpic-arena\/#primaryimage\"},\"image\":{\"@id\":\"https:\/\/www.olimpicarena.com\/ca\/marilyn-manson-visceral-a-lolimpic-arena\/#primaryimage\"},\"thumbnailUrl\":\"https:\/\/www.olimpicarena.com\/wp-content\/uploads\/2026\/01\/Marilyn-Manson_Olimpic-Arena-Badalona_2025_\u00a9Sergi-Parames_@furalabfoto_2A5089.jpg\",\"datePublished\":\"2025-11-25T09:26:57+00:00\",\"dateModified\":\"2026-01-13T09:43:41+00:00\",\"author\":{\"@id\":\"https:\/\/www.olimpicarena.com\/ca\/#\/schema\/person\/9d6083f339838e8c598ed354225493a0\"},\"breadcrumb\":{\"@id\":\"https:\/\/www.olimpicarena.com\/ca\/marilyn-manson-visceral-a-lolimpic-arena\/#breadcrumb\"},\"inLanguage\":\"ca\",\"potentialAction\":[{\"@type\":\"ReadAction\",\"target\":[\"https:\/\/www.olimpicarena.com\/ca\/marilyn-manson-visceral-a-lolimpic-arena\/\"]}]},{\"@type\":\"ImageObject\",\"inLanguage\":\"ca\",\"@id\":\"https:\/\/www.olimpicarena.com\/ca\/marilyn-manson-visceral-a-lolimpic-arena\/#primaryimage\",\"url\":\"https:\/\/www.olimpicarena.com\/wp-content\/uploads\/2026\/01\/Marilyn-Manson_Olimpic-Arena-Badalona_2025_\u00a9Sergi-Parames_@furalabfoto_2A5089.jpg\",\"contentUrl\":\"https:\/\/www.olimpicarena.com\/wp-content\/uploads\/2026\/01\/Marilyn-Manson_Olimpic-Arena-Badalona_2025_\u00a9Sergi-Parames_@furalabfoto_2A5089.jpg\",\"width\":2400,\"height\":1600},{\"@type\":\"BreadcrumbList\",\"@id\":\"https:\/\/www.olimpicarena.com\/ca\/marilyn-manson-visceral-a-lolimpic-arena\/#breadcrumb\",\"itemListElement\":[{\"@type\":\"ListItem\",\"position\":1,\"name\":\"Home\",\"item\":\"https:\/\/www.olimpicarena.com\/ca\/\"},{\"@type\":\"ListItem\",\"position\":2,\"name\":\"Marilyn Manson, visceral a l\u2019Olimpic Arena\"}]},{\"@type\":\"WebSite\",\"@id\":\"https:\/\/www.olimpicarena.com\/ca\/#website\",\"url\":\"https:\/\/www.olimpicarena.com\/ca\/\",\"name\":\"olimpicarena\",\"description\":\"\",\"potentialAction\":[{\"@type\":\"SearchAction\",\"target\":{\"@type\":\"EntryPoint\",\"urlTemplate\":\"https:\/\/www.olimpicarena.com\/ca\/?s={search_term_string}\"},\"query-input\":{\"@type\":\"PropertyValueSpecification\",\"valueRequired\":true,\"valueName\":\"search_term_string\"}}],\"inLanguage\":\"ca\"},{\"@type\":\"Person\",\"@id\":\"https:\/\/www.olimpicarena.com\/ca\/#\/schema\/person\/9d6083f339838e8c598ed354225493a0\",\"name\":\"olimpicarena\",\"image\":{\"@type\":\"ImageObject\",\"inLanguage\":\"ca\",\"@id\":\"https:\/\/www.olimpicarena.com\/ca\/#\/schema\/person\/image\/\",\"url\":\"https:\/\/secure.gravatar.com\/avatar\/963f0993d5292040115fa08f2030a00f9803a555d8024f9c3f19ff8e300d4822?s=96&d=mm&r=g\",\"contentUrl\":\"https:\/\/secure.gravatar.com\/avatar\/963f0993d5292040115fa08f2030a00f9803a555d8024f9c3f19ff8e300d4822?s=96&d=mm&r=g\",\"caption\":\"olimpicarena\"},\"sameAs\":[\"https:\/\/www.olimpicarena.com\"]}]}<\/script>\n<!-- \/ Yoast SEO plugin. -->","yoast_head_json":{"title":"Marilyn Manson, visceral a l\u2019Olimpic Arena - olimpicarena","robots":{"index":"index","follow":"follow","max-snippet":"max-snippet:-1","max-image-preview":"max-image-preview:large","max-video-preview":"max-video-preview:-1"},"canonical":"https:\/\/www.olimpicarena.com\/ca\/marilyn-manson-visceral-a-lolimpic-arena\/","og_locale":"ca_ES","og_type":"article","og_title":"Marilyn Manson, visceral a l\u2019Olimpic Arena - olimpicarena","og_description":"Marilyn Manson va deixar empremta a l\u2019Olimpic Arena de Badalona el passat 27 de novembre amb una actuaci\u00f3 que va confirmar per qu\u00e8 continua sent un dels noms m\u00e9s influents i pertorbadors del rock contemporani. La parada al recinte formava&hellip;Read more Marilyn Manson, visceral a l\u2019Olimpic Arena &#8250;","og_url":"https:\/\/www.olimpicarena.com\/ca\/marilyn-manson-visceral-a-lolimpic-arena\/","og_site_name":"olimpicarena","article_published_time":"2025-11-25T09:26:57+00:00","article_modified_time":"2026-01-13T09:43:41+00:00","og_image":[{"width":2400,"height":1600,"url":"https:\/\/www.olimpicarena.com\/wp-content\/uploads\/2026\/01\/Marilyn-Manson_Olimpic-Arena-Badalona_2025_\u00a9Sergi-Parames_@furalabfoto_2A5089.jpg","type":"image\/jpeg"}],"author":"olimpicarena","twitter_card":"summary_large_image","twitter_misc":{"Escrit per":"olimpicarena","Temps estimat de lectura":"3 minuts"},"schema":{"@context":"https:\/\/schema.org","@graph":[{"@type":"WebPage","@id":"https:\/\/www.olimpicarena.com\/ca\/marilyn-manson-visceral-a-lolimpic-arena\/","url":"https:\/\/www.olimpicarena.com\/ca\/marilyn-manson-visceral-a-lolimpic-arena\/","name":"Marilyn Manson, visceral a l\u2019Olimpic Arena - olimpicarena","isPartOf":{"@id":"https:\/\/www.olimpicarena.com\/ca\/#website"},"primaryImageOfPage":{"@id":"https:\/\/www.olimpicarena.com\/ca\/marilyn-manson-visceral-a-lolimpic-arena\/#primaryimage"},"image":{"@id":"https:\/\/www.olimpicarena.com\/ca\/marilyn-manson-visceral-a-lolimpic-arena\/#primaryimage"},"thumbnailUrl":"https:\/\/www.olimpicarena.com\/wp-content\/uploads\/2026\/01\/Marilyn-Manson_Olimpic-Arena-Badalona_2025_\u00a9Sergi-Parames_@furalabfoto_2A5089.jpg","datePublished":"2025-11-25T09:26:57+00:00","dateModified":"2026-01-13T09:43:41+00:00","author":{"@id":"https:\/\/www.olimpicarena.com\/ca\/#\/schema\/person\/9d6083f339838e8c598ed354225493a0"},"breadcrumb":{"@id":"https:\/\/www.olimpicarena.com\/ca\/marilyn-manson-visceral-a-lolimpic-arena\/#breadcrumb"},"inLanguage":"ca","potentialAction":[{"@type":"ReadAction","target":["https:\/\/www.olimpicarena.com\/ca\/marilyn-manson-visceral-a-lolimpic-arena\/"]}]},{"@type":"ImageObject","inLanguage":"ca","@id":"https:\/\/www.olimpicarena.com\/ca\/marilyn-manson-visceral-a-lolimpic-arena\/#primaryimage","url":"https:\/\/www.olimpicarena.com\/wp-content\/uploads\/2026\/01\/Marilyn-Manson_Olimpic-Arena-Badalona_2025_\u00a9Sergi-Parames_@furalabfoto_2A5089.jpg","contentUrl":"https:\/\/www.olimpicarena.com\/wp-content\/uploads\/2026\/01\/Marilyn-Manson_Olimpic-Arena-Badalona_2025_\u00a9Sergi-Parames_@furalabfoto_2A5089.jpg","width":2400,"height":1600},{"@type":"BreadcrumbList","@id":"https:\/\/www.olimpicarena.com\/ca\/marilyn-manson-visceral-a-lolimpic-arena\/#breadcrumb","itemListElement":[{"@type":"ListItem","position":1,"name":"Home","item":"https:\/\/www.olimpicarena.com\/ca\/"},{"@type":"ListItem","position":2,"name":"Marilyn Manson, visceral a l\u2019Olimpic Arena"}]},{"@type":"WebSite","@id":"https:\/\/www.olimpicarena.com\/ca\/#website","url":"https:\/\/www.olimpicarena.com\/ca\/","name":"olimpicarena","description":"","potentialAction":[{"@type":"SearchAction","target":{"@type":"EntryPoint","urlTemplate":"https:\/\/www.olimpicarena.com\/ca\/?s={search_term_string}"},"query-input":{"@type":"PropertyValueSpecification","valueRequired":true,"valueName":"search_term_string"}}],"inLanguage":"ca"},{"@type":"Person","@id":"https:\/\/www.olimpicarena.com\/ca\/#\/schema\/person\/9d6083f339838e8c598ed354225493a0","name":"olimpicarena","image":{"@type":"ImageObject","inLanguage":"ca","@id":"https:\/\/www.olimpicarena.com\/ca\/#\/schema\/person\/image\/","url":"https:\/\/secure.gravatar.com\/avatar\/963f0993d5292040115fa08f2030a00f9803a555d8024f9c3f19ff8e300d4822?s=96&d=mm&r=g","contentUrl":"https:\/\/secure.gravatar.com\/avatar\/963f0993d5292040115fa08f2030a00f9803a555d8024f9c3f19ff8e300d4822?s=96&d=mm&r=g","caption":"olimpicarena"},"sameAs":["https:\/\/www.olimpicarena.com"]}]}},"_links":{"self":[{"href":"https:\/\/www.olimpicarena.com\/ca\/wp-json\/wp\/v2\/posts\/4357","targetHints":{"allow":["GET"]}}],"collection":[{"href":"https:\/\/www.olimpicarena.com\/ca\/wp-json\/wp\/v2\/posts"}],"about":[{"href":"https:\/\/www.olimpicarena.com\/ca\/wp-json\/wp\/v2\/types\/post"}],"author":[{"embeddable":true,"href":"https:\/\/www.olimpicarena.com\/ca\/wp-json\/wp\/v2\/users\/3"}],"replies":[{"embeddable":true,"href":"https:\/\/www.olimpicarena.com\/ca\/wp-json\/wp\/v2\/comments?post=4357"}],"version-history":[{"count":1,"href":"https:\/\/www.olimpicarena.com\/ca\/wp-json\/wp\/v2\/posts\/4357\/revisions"}],"predecessor-version":[{"id":4358,"href":"https:\/\/www.olimpicarena.com\/ca\/wp-json\/wp\/v2\/posts\/4357\/revisions\/4358"}],"wp:featuredmedia":[{"embeddable":true,"href":"https:\/\/www.olimpicarena.com\/ca\/wp-json\/wp\/v2\/media\/4336"}],"wp:attachment":[{"href":"https:\/\/www.olimpicarena.com\/ca\/wp-json\/wp\/v2\/media?parent=4357"}],"wp:term":[{"taxonomy":"category","embeddable":true,"href":"https:\/\/www.olimpicarena.com\/ca\/wp-json\/wp\/v2\/categories?post=4357"},{"taxonomy":"post_tag","embeddable":true,"href":"https:\/\/www.olimpicarena.com\/ca\/wp-json\/wp\/v2\/tags?post=4357"}],"curies":[{"name":"wp","href":"https:\/\/api.w.org\/{rel}","templated":true}]}}