{"id":4317,"date":"2026-01-12T10:56:50","date_gmt":"2026-01-12T09:56:50","guid":{"rendered":"https:\/\/www.olimpicarena.com\/?p=4317"},"modified":"2026-01-12T11:00:12","modified_gmt":"2026-01-12T10:00:12","slug":"la-final-four-de-la-bcl-es-viura-a-lolimpic-arena-de-badalona","status":"publish","type":"post","link":"https:\/\/www.olimpicarena.com\/ca\/la-final-four-de-la-bcl-es-viura-a-lolimpic-arena-de-badalona\/","title":{"rendered":"La Final Four de la BCL es viur\u00e0 a l&#8217;Olimpic Arena de Badalona"},"content":{"rendered":"<p>Del <strong>7 al 9 de maig de 2026<\/strong>, Badalona es convertir\u00e0 en l\u2019epicentre del b\u00e0squet europeu: l&#8217;<strong>Olimpic Arena<\/strong> acollir\u00e0 la Final Four de la <a href=\"https:\/\/www.championsleague.basketball\/en\" target=\"_blank\" rel=\"noopener\"><strong>Basketball Champions League<\/strong><\/a>. Una ciutat que respira b\u00e0squet i que viu amb intensitat cada partit, Badalona \u00e9s el lloc perfecte per a un dels esdeveniments m\u00e9s esperats de la temporada.<\/p>\n<p>L\u2019Olimpic Arena, tamb\u00e9 conegut com el Pavell\u00f3 Ol\u00edmpic de Badalona o Palau Municipal d\u2019Esports de Badalona, t\u00e9 una hist\u00f2ria profundament lligada al b\u00e0squet internacional. Constru\u00eft per als <strong>Jocs Ol\u00edmpics de Barcelona 1992<\/strong>, va ser la seu principal de la competici\u00f3 de b\u00e0squet durant tot el torneig ol\u00edmpic i va acollir partits que van marcar una \u00e8poca, incloent-hi els del llegendari <strong>Dream Team<\/strong> dels Estats Units amb estrelles de la NBA com Michael Jordan, Magic Johnson i Larry Bird.<\/p>\n<p>Inaugurat el 1991 i dissenyat pels arquitectes Esteve Bonell i Francesc Rius, el pavell\u00f3 va ser premiat el 1992 amb el <strong>Premi d\u2019Arquitectura Contempor\u00e0nia Mies van der Rohe<\/strong> pel seu disseny innovador i la import\u00e0ncia cultural del recinte.<\/p>\n<p>Des de llavors, l\u2019Olimpic Arena no nom\u00e9s ha estat testimoni de grans trobades des de fa m\u00e9s de tres d\u00e8cades, sin\u00f3 que \u00e9s la <a href=\"https:\/\/www.penya.com\/ca\/\" target=\"_blank\" rel=\"noopener\"><strong>casa del Club Joventut de Badalona<\/strong><\/a>, un dels clubs hist\u00f2rics del b\u00e0squet espanyol, i un espai emblem\u00e0tic per a l\u2019afici\u00f3 local.<\/p>\n<p>L\u2019entusiasme per la Final Four ja es comen\u00e7a a notar: <strong>el trailer oficial de l\u2019esdeveniment ja est\u00e0 disponible aqu\u00ed mateix perqu\u00e8 el gaudeixis<\/strong>, i molt aviat es donar\u00e0 m\u00e9s informaci\u00f3 sobre entrades, activitats i sorpreses al voltant de la competici\u00f3.<\/p>\n<p><iframe loading=\"lazy\" title=\"YouTube video player\" src=\"https:\/\/www.youtube.com\/embed\/8jjo2onIsUY?si=peNHfKpOngSs8dya\" width=\"560\" height=\"315\" frameborder=\"0\" allowfullscreen=\"allowfullscreen\"><\/iframe><\/p>\n<p>No et perdis l\u2019oportunitat de viure la m\u00e0gia del b\u00e0squet en una de les seves ciutats m\u00e9s emblem\u00e0tiques. <strong>Badalona t\u2019espera del 7 al 9 de maig de 2026!<\/strong><\/p>\n","protected":false},"excerpt":{"rendered":"<p>Del 7 al 9 de maig de 2026, Badalona es convertir\u00e0 en l\u2019epicentre del b\u00e0squet europeu: l&#8217;Olimpic Arena acollir\u00e0 la Final Four de la Basketball Champions League. Una ciutat que respira b\u00e0squet i que viu amb intensitat cada partit, Badalona<span class=\"ellipsis\">&hellip;<\/span><\/p>\n<div class=\"read-more\"><a href=\"https:\/\/www.olimpicarena.com\/ca\/la-final-four-de-la-bcl-es-viura-a-lolimpic-arena-de-badalona\/\">Read more <span class=\"screen-reader-text\">La Final Four de la BCL es viur\u00e0 a l&#8217;Olimpic Arena de Badalona<\/span><span class=\"meta-nav\"> &#8250;<\/span><\/a><\/div>\n<p><!-- end of .read-more --><\/p>\n","protected":false},"author":3,"featured_media":4314,"comment_status":"open","ping_status":"open","sticky":false,"template":"","format":"standard","meta":{"_acf_changed":false,"inline_featured_image":false,"footnotes":""},"categories":[19],"tags":[],"class_list":["post-4317","post","type-post","status-publish","format-standard","has-post-thumbnail","hentry","category-uncategorized-ca"],"acf":[],"yoast_head":"<!-- This site is optimized with the Yoast SEO plugin v24.7 - https:\/\/yoast.com\/wordpress\/plugins\/seo\/ -->\n<title>La Final Four de la BCL es viur\u00e0 a l&#039;Olimpic Arena de Badalona - olimpicarena<\/title>\n<meta name=\"robots\" content=\"index, follow, max-snippet:-1, max-image-preview:large, max-video-preview:-1\" \/>\n<link rel=\"canonical\" href=\"https:\/\/www.olimpicarena.com\/ca\/la-final-four-de-la-bcl-es-viura-a-lolimpic-arena-de-badalona\/\" \/>\n<meta property=\"og:locale\" content=\"ca_ES\" \/>\n<meta property=\"og:type\" content=\"article\" \/>\n<meta property=\"og:title\" content=\"La Final Four de la BCL es viur\u00e0 a l&#039;Olimpic Arena de Badalona - olimpicarena\" \/>\n<meta property=\"og:description\" content=\"Del 7 al 9 de maig de 2026, Badalona es convertir\u00e0 en l\u2019epicentre del b\u00e0squet europeu: l&#8217;Olimpic Arena acollir\u00e0 la Final Four de la Basketball Champions League. Una ciutat que respira b\u00e0squet i que viu amb intensitat cada partit, Badalona&hellip;Read more La Final Four de la BCL es viur\u00e0 a l&#8217;Olimpic Arena de Badalona &#8250;\" \/>\n<meta property=\"og:url\" content=\"https:\/\/www.olimpicarena.com\/ca\/la-final-four-de-la-bcl-es-viura-a-lolimpic-arena-de-badalona\/\" \/>\n<meta property=\"og:site_name\" content=\"olimpicarena\" \/>\n<meta property=\"article:published_time\" content=\"2026-01-12T09:56:50+00:00\" \/>\n<meta property=\"article:modified_time\" content=\"2026-01-12T10:00:12+00:00\" \/>\n<meta property=\"og:image\" content=\"https:\/\/www.olimpicarena.com\/wp-content\/uploads\/2026\/01\/BCL-Final-Four-Announcement_4x5.jpg\" \/>\n\t<meta property=\"og:image:width\" content=\"1080\" \/>\n\t<meta property=\"og:image:height\" content=\"1350\" \/>\n\t<meta property=\"og:image:type\" content=\"image\/jpeg\" \/>\n<meta name=\"author\" content=\"olimpicarena\" \/>\n<meta name=\"twitter:card\" content=\"summary_large_image\" \/>\n<meta name=\"twitter:label1\" content=\"Escrit per\" \/>\n\t<meta name=\"twitter:data1\" content=\"olimpicarena\" \/>\n\t<meta name=\"twitter:label2\" content=\"Temps estimat de lectura\" \/>\n\t<meta name=\"twitter:data2\" content=\"2 minuts\" \/>\n<script type=\"application\/ld+json\" class=\"yoast-schema-graph\">{\"@context\":\"https:\/\/schema.org\",\"@graph\":[{\"@type\":\"WebPage\",\"@id\":\"https:\/\/www.olimpicarena.com\/ca\/la-final-four-de-la-bcl-es-viura-a-lolimpic-arena-de-badalona\/\",\"url\":\"https:\/\/www.olimpicarena.com\/ca\/la-final-four-de-la-bcl-es-viura-a-lolimpic-arena-de-badalona\/\",\"name\":\"La Final Four de la BCL es viur\u00e0 a l'Olimpic Arena de Badalona - olimpicarena\",\"isPartOf\":{\"@id\":\"https:\/\/www.olimpicarena.com\/ca\/#website\"},\"primaryImageOfPage\":{\"@id\":\"https:\/\/www.olimpicarena.com\/ca\/la-final-four-de-la-bcl-es-viura-a-lolimpic-arena-de-badalona\/#primaryimage\"},\"image\":{\"@id\":\"https:\/\/www.olimpicarena.com\/ca\/la-final-four-de-la-bcl-es-viura-a-lolimpic-arena-de-badalona\/#primaryimage\"},\"thumbnailUrl\":\"https:\/\/www.olimpicarena.com\/wp-content\/uploads\/2026\/01\/BCL-Final-Four-Announcement_4x5.jpg\",\"datePublished\":\"2026-01-12T09:56:50+00:00\",\"dateModified\":\"2026-01-12T10:00:12+00:00\",\"author\":{\"@id\":\"https:\/\/www.olimpicarena.com\/ca\/#\/schema\/person\/9d6083f339838e8c598ed354225493a0\"},\"breadcrumb\":{\"@id\":\"https:\/\/www.olimpicarena.com\/ca\/la-final-four-de-la-bcl-es-viura-a-lolimpic-arena-de-badalona\/#breadcrumb\"},\"inLanguage\":\"ca\",\"potentialAction\":[{\"@type\":\"ReadAction\",\"target\":[\"https:\/\/www.olimpicarena.com\/ca\/la-final-four-de-la-bcl-es-viura-a-lolimpic-arena-de-badalona\/\"]}]},{\"@type\":\"ImageObject\",\"inLanguage\":\"ca\",\"@id\":\"https:\/\/www.olimpicarena.com\/ca\/la-final-four-de-la-bcl-es-viura-a-lolimpic-arena-de-badalona\/#primaryimage\",\"url\":\"https:\/\/www.olimpicarena.com\/wp-content\/uploads\/2026\/01\/BCL-Final-Four-Announcement_4x5.jpg\",\"contentUrl\":\"https:\/\/www.olimpicarena.com\/wp-content\/uploads\/2026\/01\/BCL-Final-Four-Announcement_4x5.jpg\",\"width\":1080,\"height\":1350,\"caption\":\"BCL Final Four 2026 Badalona\"},{\"@type\":\"BreadcrumbList\",\"@id\":\"https:\/\/www.olimpicarena.com\/ca\/la-final-four-de-la-bcl-es-viura-a-lolimpic-arena-de-badalona\/#breadcrumb\",\"itemListElement\":[{\"@type\":\"ListItem\",\"position\":1,\"name\":\"Home\",\"item\":\"https:\/\/www.olimpicarena.com\/ca\/\"},{\"@type\":\"ListItem\",\"position\":2,\"name\":\"La Final Four de la BCL es viur\u00e0 a l&#8217;Olimpic Arena de Badalona\"}]},{\"@type\":\"WebSite\",\"@id\":\"https:\/\/www.olimpicarena.com\/ca\/#website\",\"url\":\"https:\/\/www.olimpicarena.com\/ca\/\",\"name\":\"olimpicarena\",\"description\":\"\",\"potentialAction\":[{\"@type\":\"SearchAction\",\"target\":{\"@type\":\"EntryPoint\",\"urlTemplate\":\"https:\/\/www.olimpicarena.com\/ca\/?s={search_term_string}\"},\"query-input\":{\"@type\":\"PropertyValueSpecification\",\"valueRequired\":true,\"valueName\":\"search_term_string\"}}],\"inLanguage\":\"ca\"},{\"@type\":\"Person\",\"@id\":\"https:\/\/www.olimpicarena.com\/ca\/#\/schema\/person\/9d6083f339838e8c598ed354225493a0\",\"name\":\"olimpicarena\",\"image\":{\"@type\":\"ImageObject\",\"inLanguage\":\"ca\",\"@id\":\"https:\/\/www.olimpicarena.com\/ca\/#\/schema\/person\/image\/\",\"url\":\"https:\/\/secure.gravatar.com\/avatar\/963f0993d5292040115fa08f2030a00f9803a555d8024f9c3f19ff8e300d4822?s=96&d=mm&r=g\",\"contentUrl\":\"https:\/\/secure.gravatar.com\/avatar\/963f0993d5292040115fa08f2030a00f9803a555d8024f9c3f19ff8e300d4822?s=96&d=mm&r=g\",\"caption\":\"olimpicarena\"},\"sameAs\":[\"https:\/\/www.olimpicarena.com\"]}]}<\/script>\n<!-- \/ Yoast SEO plugin. -->","yoast_head_json":{"title":"La Final Four de la BCL es viur\u00e0 a l'Olimpic Arena de Badalona - olimpicarena","robots":{"index":"index","follow":"follow","max-snippet":"max-snippet:-1","max-image-preview":"max-image-preview:large","max-video-preview":"max-video-preview:-1"},"canonical":"https:\/\/www.olimpicarena.com\/ca\/la-final-four-de-la-bcl-es-viura-a-lolimpic-arena-de-badalona\/","og_locale":"ca_ES","og_type":"article","og_title":"La Final Four de la BCL es viur\u00e0 a l'Olimpic Arena de Badalona - olimpicarena","og_description":"Del 7 al 9 de maig de 2026, Badalona es convertir\u00e0 en l\u2019epicentre del b\u00e0squet europeu: l&#8217;Olimpic Arena acollir\u00e0 la Final Four de la Basketball Champions League. Una ciutat que respira b\u00e0squet i que viu amb intensitat cada partit, Badalona&hellip;Read more La Final Four de la BCL es viur\u00e0 a l&#8217;Olimpic Arena de Badalona &#8250;","og_url":"https:\/\/www.olimpicarena.com\/ca\/la-final-four-de-la-bcl-es-viura-a-lolimpic-arena-de-badalona\/","og_site_name":"olimpicarena","article_published_time":"2026-01-12T09:56:50+00:00","article_modified_time":"2026-01-12T10:00:12+00:00","og_image":[{"width":1080,"height":1350,"url":"https:\/\/www.olimpicarena.com\/wp-content\/uploads\/2026\/01\/BCL-Final-Four-Announcement_4x5.jpg","type":"image\/jpeg"}],"author":"olimpicarena","twitter_card":"summary_large_image","twitter_misc":{"Escrit per":"olimpicarena","Temps estimat de lectura":"2 minuts"},"schema":{"@context":"https:\/\/schema.org","@graph":[{"@type":"WebPage","@id":"https:\/\/www.olimpicarena.com\/ca\/la-final-four-de-la-bcl-es-viura-a-lolimpic-arena-de-badalona\/","url":"https:\/\/www.olimpicarena.com\/ca\/la-final-four-de-la-bcl-es-viura-a-lolimpic-arena-de-badalona\/","name":"La Final Four de la BCL es viur\u00e0 a l'Olimpic Arena de Badalona - olimpicarena","isPartOf":{"@id":"https:\/\/www.olimpicarena.com\/ca\/#website"},"primaryImageOfPage":{"@id":"https:\/\/www.olimpicarena.com\/ca\/la-final-four-de-la-bcl-es-viura-a-lolimpic-arena-de-badalona\/#primaryimage"},"image":{"@id":"https:\/\/www.olimpicarena.com\/ca\/la-final-four-de-la-bcl-es-viura-a-lolimpic-arena-de-badalona\/#primaryimage"},"thumbnailUrl":"https:\/\/www.olimpicarena.com\/wp-content\/uploads\/2026\/01\/BCL-Final-Four-Announcement_4x5.jpg","datePublished":"2026-01-12T09:56:50+00:00","dateModified":"2026-01-12T10:00:12+00:00","author":{"@id":"https:\/\/www.olimpicarena.com\/ca\/#\/schema\/person\/9d6083f339838e8c598ed354225493a0"},"breadcrumb":{"@id":"https:\/\/www.olimpicarena.com\/ca\/la-final-four-de-la-bcl-es-viura-a-lolimpic-arena-de-badalona\/#breadcrumb"},"inLanguage":"ca","potentialAction":[{"@type":"ReadAction","target":["https:\/\/www.olimpicarena.com\/ca\/la-final-four-de-la-bcl-es-viura-a-lolimpic-arena-de-badalona\/"]}]},{"@type":"ImageObject","inLanguage":"ca","@id":"https:\/\/www.olimpicarena.com\/ca\/la-final-four-de-la-bcl-es-viura-a-lolimpic-arena-de-badalona\/#primaryimage","url":"https:\/\/www.olimpicarena.com\/wp-content\/uploads\/2026\/01\/BCL-Final-Four-Announcement_4x5.jpg","contentUrl":"https:\/\/www.olimpicarena.com\/wp-content\/uploads\/2026\/01\/BCL-Final-Four-Announcement_4x5.jpg","width":1080,"height":1350,"caption":"BCL Final Four 2026 Badalona"},{"@type":"BreadcrumbList","@id":"https:\/\/www.olimpicarena.com\/ca\/la-final-four-de-la-bcl-es-viura-a-lolimpic-arena-de-badalona\/#breadcrumb","itemListElement":[{"@type":"ListItem","position":1,"name":"Home","item":"https:\/\/www.olimpicarena.com\/ca\/"},{"@type":"ListItem","position":2,"name":"La Final Four de la BCL es viur\u00e0 a l&#8217;Olimpic Arena de Badalona"}]},{"@type":"WebSite","@id":"https:\/\/www.olimpicarena.com\/ca\/#website","url":"https:\/\/www.olimpicarena.com\/ca\/","name":"olimpicarena","description":"","potentialAction":[{"@type":"SearchAction","target":{"@type":"EntryPoint","urlTemplate":"https:\/\/www.olimpicarena.com\/ca\/?s={search_term_string}"},"query-input":{"@type":"PropertyValueSpecification","valueRequired":true,"valueName":"search_term_string"}}],"inLanguage":"ca"},{"@type":"Person","@id":"https:\/\/www.olimpicarena.com\/ca\/#\/schema\/person\/9d6083f339838e8c598ed354225493a0","name":"olimpicarena","image":{"@type":"ImageObject","inLanguage":"ca","@id":"https:\/\/www.olimpicarena.com\/ca\/#\/schema\/person\/image\/","url":"https:\/\/secure.gravatar.com\/avatar\/963f0993d5292040115fa08f2030a00f9803a555d8024f9c3f19ff8e300d4822?s=96&d=mm&r=g","contentUrl":"https:\/\/secure.gravatar.com\/avatar\/963f0993d5292040115fa08f2030a00f9803a555d8024f9c3f19ff8e300d4822?s=96&d=mm&r=g","caption":"olimpicarena"},"sameAs":["https:\/\/www.olimpicarena.com"]}]}},"_links":{"self":[{"href":"https:\/\/www.olimpicarena.com\/ca\/wp-json\/wp\/v2\/posts\/4317","targetHints":{"allow":["GET"]}}],"collection":[{"href":"https:\/\/www.olimpicarena.com\/ca\/wp-json\/wp\/v2\/posts"}],"about":[{"href":"https:\/\/www.olimpicarena.com\/ca\/wp-json\/wp\/v2\/types\/post"}],"author":[{"embeddable":true,"href":"https:\/\/www.olimpicarena.com\/ca\/wp-json\/wp\/v2\/users\/3"}],"replies":[{"embeddable":true,"href":"https:\/\/www.olimpicarena.com\/ca\/wp-json\/wp\/v2\/comments?post=4317"}],"version-history":[{"count":1,"href":"https:\/\/www.olimpicarena.com\/ca\/wp-json\/wp\/v2\/posts\/4317\/revisions"}],"predecessor-version":[{"id":4318,"href":"https:\/\/www.olimpicarena.com\/ca\/wp-json\/wp\/v2\/posts\/4317\/revisions\/4318"}],"wp:featuredmedia":[{"embeddable":true,"href":"https:\/\/www.olimpicarena.com\/ca\/wp-json\/wp\/v2\/media\/4314"}],"wp:attachment":[{"href":"https:\/\/www.olimpicarena.com\/ca\/wp-json\/wp\/v2\/media?parent=4317"}],"wp:term":[{"taxonomy":"category","embeddable":true,"href":"https:\/\/www.olimpicarena.com\/ca\/wp-json\/wp\/v2\/categories?post=4317"},{"taxonomy":"post_tag","embeddable":true,"href":"https:\/\/www.olimpicarena.com\/ca\/wp-json\/wp\/v2\/tags?post=4317"}],"curies":[{"name":"wp","href":"https:\/\/api.w.org\/{rel}","templated":true}]}}