{"id":4180,"date":"2025-12-09T12:24:30","date_gmt":"2025-12-09T11:24:30","guid":{"rendered":"https:\/\/www.olimpicarena.com\/?p=4180"},"modified":"2025-12-09T12:29:10","modified_gmt":"2025-12-09T11:29:10","slug":"evanescence-a-badalona-el-metal-melodic-que-va-marcar-una-era","status":"publish","type":"post","link":"https:\/\/www.olimpicarena.com\/ca\/evanescence-a-badalona-el-metal-melodic-que-va-marcar-una-era\/","title":{"rendered":"Evanescence a Badalona: el metal mel\u00f2dic que va marcar una era"},"content":{"rendered":"<p>Evanescence arriba a Badalona per retrobar-se amb aquells que van cr\u00e9ixer amb la seva veu inconfusible, entre p\u00f2sters, carpetes i llistes de reproducci\u00f3 en MP3. La banda liderada per <strong>Amy Lee<\/strong> ha confirmat que la seva nova gira mundial passar\u00e0 pel <strong>Olimpic Arena de Badalona<\/strong> la tardor de 2026, en un dels dos \u00fanics concerts programats a Espanya. Una cita marcada en vermell per a aquells que fa dues d\u00e8cades que esperen reviure aquell primer calfred que van provocar \u201cBring Me to Life\u201d, \u201cMy Immortal\u201d i companyia.<\/p>\n<p>No vindran sols. <strong>Poppy i Nova Twins<\/strong> formaran part d\u2019una vetllada que promet fusionar generacions de metal alternatiu en un sol escenari. L\u2019alian\u00e7a amb Poppy arriba despr\u00e9s del llan\u00e7ament de \u201cEnd of You\u201d, on Amy Lee compartia protagonisme amb l\u2019artista i amb Courtney LaPlante. Un pont natural entre el so fosc i simf\u00f2nic dels nord-americans i la nova onada de metall experimental que arrossega els fans m\u00e9s joves.<\/p>\n<p><img loading=\"lazy\" decoding=\"async\" class=\"size-full wp-image-4159 aligncenter\" src=\"https:\/\/www.olimpicarena.com\/wp-content\/uploads\/2025\/12\/Evanescence_Poppy_2026_4x5_BCN.jpg\" alt=\"Evanescence a l'Olimpic Arena de Badalona\" width=\"1080\" height=\"1350\" srcset=\"https:\/\/www.olimpicarena.com\/wp-content\/uploads\/2025\/12\/Evanescence_Poppy_2026_4x5_BCN.jpg 1080w, https:\/\/www.olimpicarena.com\/wp-content\/uploads\/2025\/12\/Evanescence_Poppy_2026_4x5_BCN-768x960.jpg 768w, https:\/\/www.olimpicarena.com\/wp-content\/uploads\/2025\/12\/Evanescence_Poppy_2026_4x5_BCN-1320x1650.jpg 1320w\" sizes=\"auto, (max-width: 1080px) 100vw, 1080px\" \/><\/p>\n<p>L\u2019anunci arriba en ple treball d\u2019estudi del seu pr\u00f2xim \u00e0lbum, el sis\u00e8 de la seva carrera, previst per al 2026. A l\u2019espera de detalls, el grup ha seguit marcant territori amb col\u00b7laboracions en bandes sonores com la de <em>Ballerina<\/em>, amb \u201cFight Like a Girl\u201d, i <em>Devil May Cry<\/em>, amb el tema \u201cAfterlife\u201d.<\/p>\n<p>L\u2019\u00faltima oportunitat de veure\u2019ls al nostre pa\u00eds va ser el 2024, a l\u2019<em>Alma Festival<\/em> i posteriorment al Rock in Rio Lisboa. Dues nits demoledores que nom\u00e9s van confirmar l\u2019evident: Evanescence continuen sent refugi, mem\u00f2ria i catarsi. <strong>Badalona us espera.<\/strong><\/p>\n","protected":false},"excerpt":{"rendered":"<p>Evanescence arriba a Badalona per retrobar-se amb aquells que van cr\u00e9ixer amb la seva veu inconfusible, entre p\u00f2sters, carpetes i llistes de reproducci\u00f3 en MP3. La banda liderada per Amy Lee ha confirmat que la seva nova gira mundial passar\u00e0<span class=\"ellipsis\">&hellip;<\/span><\/p>\n<div class=\"read-more\"><a href=\"https:\/\/www.olimpicarena.com\/ca\/evanescence-a-badalona-el-metal-melodic-que-va-marcar-una-era\/\">Read more <span class=\"screen-reader-text\">Evanescence a Badalona: el metal mel\u00f2dic que va marcar una era<\/span><span class=\"meta-nav\"> &#8250;<\/span><\/a><\/div>\n<p><!-- end of .read-more --><\/p>\n","protected":false},"author":3,"featured_media":4176,"comment_status":"open","ping_status":"open","sticky":false,"template":"","format":"standard","meta":{"_acf_changed":false,"inline_featured_image":false,"footnotes":""},"categories":[19],"tags":[],"class_list":["post-4180","post","type-post","status-publish","format-standard","has-post-thumbnail","hentry","category-uncategorized-ca"],"acf":[],"yoast_head":"<!-- This site is optimized with the Yoast SEO plugin v24.7 - https:\/\/yoast.com\/wordpress\/plugins\/seo\/ -->\n<title>Evanescence a Badalona: el metal mel\u00f2dic que va marcar una era - olimpicarena<\/title>\n<meta name=\"robots\" content=\"index, follow, max-snippet:-1, max-image-preview:large, max-video-preview:-1\" \/>\n<link rel=\"canonical\" href=\"https:\/\/www.olimpicarena.com\/ca\/evanescence-a-badalona-el-metal-melodic-que-va-marcar-una-era\/\" \/>\n<meta property=\"og:locale\" content=\"ca_ES\" \/>\n<meta property=\"og:type\" content=\"article\" \/>\n<meta property=\"og:title\" content=\"Evanescence a Badalona: el metal mel\u00f2dic que va marcar una era - olimpicarena\" \/>\n<meta property=\"og:description\" content=\"Evanescence arriba a Badalona per retrobar-se amb aquells que van cr\u00e9ixer amb la seva veu inconfusible, entre p\u00f2sters, carpetes i llistes de reproducci\u00f3 en MP3. La banda liderada per Amy Lee ha confirmat que la seva nova gira mundial passar\u00e0&hellip;Read more Evanescence a Badalona: el metal mel\u00f2dic que va marcar una era &#8250;\" \/>\n<meta property=\"og:url\" content=\"https:\/\/www.olimpicarena.com\/ca\/evanescence-a-badalona-el-metal-melodic-que-va-marcar-una-era\/\" \/>\n<meta property=\"og:site_name\" content=\"olimpicarena\" \/>\n<meta property=\"article:published_time\" content=\"2025-12-09T11:24:30+00:00\" \/>\n<meta property=\"article:modified_time\" content=\"2025-12-09T11:29:10+00:00\" \/>\n<meta property=\"og:image\" content=\"https:\/\/www.olimpicarena.com\/wp-content\/uploads\/2025\/12\/Evanescence.jpg\" \/>\n\t<meta property=\"og:image:width\" content=\"1500\" \/>\n\t<meta property=\"og:image:height\" content=\"1500\" \/>\n\t<meta property=\"og:image:type\" content=\"image\/jpeg\" \/>\n<meta name=\"author\" content=\"olimpicarena\" \/>\n<meta name=\"twitter:card\" content=\"summary_large_image\" \/>\n<meta name=\"twitter:label1\" content=\"Escrit per\" \/>\n\t<meta name=\"twitter:data1\" content=\"olimpicarena\" \/>\n\t<meta name=\"twitter:label2\" content=\"Temps estimat de lectura\" \/>\n\t<meta name=\"twitter:data2\" content=\"2 minuts\" \/>\n<script type=\"application\/ld+json\" class=\"yoast-schema-graph\">{\"@context\":\"https:\/\/schema.org\",\"@graph\":[{\"@type\":\"WebPage\",\"@id\":\"https:\/\/www.olimpicarena.com\/ca\/evanescence-a-badalona-el-metal-melodic-que-va-marcar-una-era\/\",\"url\":\"https:\/\/www.olimpicarena.com\/ca\/evanescence-a-badalona-el-metal-melodic-que-va-marcar-una-era\/\",\"name\":\"Evanescence a Badalona: el metal mel\u00f2dic que va marcar una era - olimpicarena\",\"isPartOf\":{\"@id\":\"https:\/\/www.olimpicarena.com\/ca\/#website\"},\"primaryImageOfPage\":{\"@id\":\"https:\/\/www.olimpicarena.com\/ca\/evanescence-a-badalona-el-metal-melodic-que-va-marcar-una-era\/#primaryimage\"},\"image\":{\"@id\":\"https:\/\/www.olimpicarena.com\/ca\/evanescence-a-badalona-el-metal-melodic-que-va-marcar-una-era\/#primaryimage\"},\"thumbnailUrl\":\"https:\/\/www.olimpicarena.com\/wp-content\/uploads\/2025\/12\/Evanescence.jpg\",\"datePublished\":\"2025-12-09T11:24:30+00:00\",\"dateModified\":\"2025-12-09T11:29:10+00:00\",\"author\":{\"@id\":\"https:\/\/www.olimpicarena.com\/ca\/#\/schema\/person\/9d6083f339838e8c598ed354225493a0\"},\"breadcrumb\":{\"@id\":\"https:\/\/www.olimpicarena.com\/ca\/evanescence-a-badalona-el-metal-melodic-que-va-marcar-una-era\/#breadcrumb\"},\"inLanguage\":\"ca\",\"potentialAction\":[{\"@type\":\"ReadAction\",\"target\":[\"https:\/\/www.olimpicarena.com\/ca\/evanescence-a-badalona-el-metal-melodic-que-va-marcar-una-era\/\"]}]},{\"@type\":\"ImageObject\",\"inLanguage\":\"ca\",\"@id\":\"https:\/\/www.olimpicarena.com\/ca\/evanescence-a-badalona-el-metal-melodic-que-va-marcar-una-era\/#primaryimage\",\"url\":\"https:\/\/www.olimpicarena.com\/wp-content\/uploads\/2025\/12\/Evanescence.jpg\",\"contentUrl\":\"https:\/\/www.olimpicarena.com\/wp-content\/uploads\/2025\/12\/Evanescence.jpg\",\"width\":1500,\"height\":1500,\"caption\":\"Evanescence\"},{\"@type\":\"BreadcrumbList\",\"@id\":\"https:\/\/www.olimpicarena.com\/ca\/evanescence-a-badalona-el-metal-melodic-que-va-marcar-una-era\/#breadcrumb\",\"itemListElement\":[{\"@type\":\"ListItem\",\"position\":1,\"name\":\"Home\",\"item\":\"https:\/\/www.olimpicarena.com\/ca\/\"},{\"@type\":\"ListItem\",\"position\":2,\"name\":\"Evanescence a Badalona: el metal mel\u00f2dic que va marcar una era\"}]},{\"@type\":\"WebSite\",\"@id\":\"https:\/\/www.olimpicarena.com\/ca\/#website\",\"url\":\"https:\/\/www.olimpicarena.com\/ca\/\",\"name\":\"olimpicarena\",\"description\":\"\",\"potentialAction\":[{\"@type\":\"SearchAction\",\"target\":{\"@type\":\"EntryPoint\",\"urlTemplate\":\"https:\/\/www.olimpicarena.com\/ca\/?s={search_term_string}\"},\"query-input\":{\"@type\":\"PropertyValueSpecification\",\"valueRequired\":true,\"valueName\":\"search_term_string\"}}],\"inLanguage\":\"ca\"},{\"@type\":\"Person\",\"@id\":\"https:\/\/www.olimpicarena.com\/ca\/#\/schema\/person\/9d6083f339838e8c598ed354225493a0\",\"name\":\"olimpicarena\",\"image\":{\"@type\":\"ImageObject\",\"inLanguage\":\"ca\",\"@id\":\"https:\/\/www.olimpicarena.com\/ca\/#\/schema\/person\/image\/\",\"url\":\"https:\/\/secure.gravatar.com\/avatar\/963f0993d5292040115fa08f2030a00f9803a555d8024f9c3f19ff8e300d4822?s=96&d=mm&r=g\",\"contentUrl\":\"https:\/\/secure.gravatar.com\/avatar\/963f0993d5292040115fa08f2030a00f9803a555d8024f9c3f19ff8e300d4822?s=96&d=mm&r=g\",\"caption\":\"olimpicarena\"},\"sameAs\":[\"https:\/\/www.olimpicarena.com\"]}]}<\/script>\n<!-- \/ Yoast SEO plugin. -->","yoast_head_json":{"title":"Evanescence a Badalona: el metal mel\u00f2dic que va marcar una era - olimpicarena","robots":{"index":"index","follow":"follow","max-snippet":"max-snippet:-1","max-image-preview":"max-image-preview:large","max-video-preview":"max-video-preview:-1"},"canonical":"https:\/\/www.olimpicarena.com\/ca\/evanescence-a-badalona-el-metal-melodic-que-va-marcar-una-era\/","og_locale":"ca_ES","og_type":"article","og_title":"Evanescence a Badalona: el metal mel\u00f2dic que va marcar una era - olimpicarena","og_description":"Evanescence arriba a Badalona per retrobar-se amb aquells que van cr\u00e9ixer amb la seva veu inconfusible, entre p\u00f2sters, carpetes i llistes de reproducci\u00f3 en MP3. La banda liderada per Amy Lee ha confirmat que la seva nova gira mundial passar\u00e0&hellip;Read more Evanescence a Badalona: el metal mel\u00f2dic que va marcar una era &#8250;","og_url":"https:\/\/www.olimpicarena.com\/ca\/evanescence-a-badalona-el-metal-melodic-que-va-marcar-una-era\/","og_site_name":"olimpicarena","article_published_time":"2025-12-09T11:24:30+00:00","article_modified_time":"2025-12-09T11:29:10+00:00","og_image":[{"width":1500,"height":1500,"url":"https:\/\/www.olimpicarena.com\/wp-content\/uploads\/2025\/12\/Evanescence.jpg","type":"image\/jpeg"}],"author":"olimpicarena","twitter_card":"summary_large_image","twitter_misc":{"Escrit per":"olimpicarena","Temps estimat de lectura":"2 minuts"},"schema":{"@context":"https:\/\/schema.org","@graph":[{"@type":"WebPage","@id":"https:\/\/www.olimpicarena.com\/ca\/evanescence-a-badalona-el-metal-melodic-que-va-marcar-una-era\/","url":"https:\/\/www.olimpicarena.com\/ca\/evanescence-a-badalona-el-metal-melodic-que-va-marcar-una-era\/","name":"Evanescence a Badalona: el metal mel\u00f2dic que va marcar una era - olimpicarena","isPartOf":{"@id":"https:\/\/www.olimpicarena.com\/ca\/#website"},"primaryImageOfPage":{"@id":"https:\/\/www.olimpicarena.com\/ca\/evanescence-a-badalona-el-metal-melodic-que-va-marcar-una-era\/#primaryimage"},"image":{"@id":"https:\/\/www.olimpicarena.com\/ca\/evanescence-a-badalona-el-metal-melodic-que-va-marcar-una-era\/#primaryimage"},"thumbnailUrl":"https:\/\/www.olimpicarena.com\/wp-content\/uploads\/2025\/12\/Evanescence.jpg","datePublished":"2025-12-09T11:24:30+00:00","dateModified":"2025-12-09T11:29:10+00:00","author":{"@id":"https:\/\/www.olimpicarena.com\/ca\/#\/schema\/person\/9d6083f339838e8c598ed354225493a0"},"breadcrumb":{"@id":"https:\/\/www.olimpicarena.com\/ca\/evanescence-a-badalona-el-metal-melodic-que-va-marcar-una-era\/#breadcrumb"},"inLanguage":"ca","potentialAction":[{"@type":"ReadAction","target":["https:\/\/www.olimpicarena.com\/ca\/evanescence-a-badalona-el-metal-melodic-que-va-marcar-una-era\/"]}]},{"@type":"ImageObject","inLanguage":"ca","@id":"https:\/\/www.olimpicarena.com\/ca\/evanescence-a-badalona-el-metal-melodic-que-va-marcar-una-era\/#primaryimage","url":"https:\/\/www.olimpicarena.com\/wp-content\/uploads\/2025\/12\/Evanescence.jpg","contentUrl":"https:\/\/www.olimpicarena.com\/wp-content\/uploads\/2025\/12\/Evanescence.jpg","width":1500,"height":1500,"caption":"Evanescence"},{"@type":"BreadcrumbList","@id":"https:\/\/www.olimpicarena.com\/ca\/evanescence-a-badalona-el-metal-melodic-que-va-marcar-una-era\/#breadcrumb","itemListElement":[{"@type":"ListItem","position":1,"name":"Home","item":"https:\/\/www.olimpicarena.com\/ca\/"},{"@type":"ListItem","position":2,"name":"Evanescence a Badalona: el metal mel\u00f2dic que va marcar una era"}]},{"@type":"WebSite","@id":"https:\/\/www.olimpicarena.com\/ca\/#website","url":"https:\/\/www.olimpicarena.com\/ca\/","name":"olimpicarena","description":"","potentialAction":[{"@type":"SearchAction","target":{"@type":"EntryPoint","urlTemplate":"https:\/\/www.olimpicarena.com\/ca\/?s={search_term_string}"},"query-input":{"@type":"PropertyValueSpecification","valueRequired":true,"valueName":"search_term_string"}}],"inLanguage":"ca"},{"@type":"Person","@id":"https:\/\/www.olimpicarena.com\/ca\/#\/schema\/person\/9d6083f339838e8c598ed354225493a0","name":"olimpicarena","image":{"@type":"ImageObject","inLanguage":"ca","@id":"https:\/\/www.olimpicarena.com\/ca\/#\/schema\/person\/image\/","url":"https:\/\/secure.gravatar.com\/avatar\/963f0993d5292040115fa08f2030a00f9803a555d8024f9c3f19ff8e300d4822?s=96&d=mm&r=g","contentUrl":"https:\/\/secure.gravatar.com\/avatar\/963f0993d5292040115fa08f2030a00f9803a555d8024f9c3f19ff8e300d4822?s=96&d=mm&r=g","caption":"olimpicarena"},"sameAs":["https:\/\/www.olimpicarena.com"]}]}},"_links":{"self":[{"href":"https:\/\/www.olimpicarena.com\/ca\/wp-json\/wp\/v2\/posts\/4180","targetHints":{"allow":["GET"]}}],"collection":[{"href":"https:\/\/www.olimpicarena.com\/ca\/wp-json\/wp\/v2\/posts"}],"about":[{"href":"https:\/\/www.olimpicarena.com\/ca\/wp-json\/wp\/v2\/types\/post"}],"author":[{"embeddable":true,"href":"https:\/\/www.olimpicarena.com\/ca\/wp-json\/wp\/v2\/users\/3"}],"replies":[{"embeddable":true,"href":"https:\/\/www.olimpicarena.com\/ca\/wp-json\/wp\/v2\/comments?post=4180"}],"version-history":[{"count":1,"href":"https:\/\/www.olimpicarena.com\/ca\/wp-json\/wp\/v2\/posts\/4180\/revisions"}],"predecessor-version":[{"id":4181,"href":"https:\/\/www.olimpicarena.com\/ca\/wp-json\/wp\/v2\/posts\/4180\/revisions\/4181"}],"wp:featuredmedia":[{"embeddable":true,"href":"https:\/\/www.olimpicarena.com\/ca\/wp-json\/wp\/v2\/media\/4176"}],"wp:attachment":[{"href":"https:\/\/www.olimpicarena.com\/ca\/wp-json\/wp\/v2\/media?parent=4180"}],"wp:term":[{"taxonomy":"category","embeddable":true,"href":"https:\/\/www.olimpicarena.com\/ca\/wp-json\/wp\/v2\/categories?post=4180"},{"taxonomy":"post_tag","embeddable":true,"href":"https:\/\/www.olimpicarena.com\/ca\/wp-json\/wp\/v2\/tags?post=4180"}],"curies":[{"name":"wp","href":"https:\/\/api.w.org\/{rel}","templated":true}]}}