{"id":3984,"date":"2025-10-20T13:04:08","date_gmt":"2025-10-20T11:04:08","guid":{"rendered":"https:\/\/www.olimpicarena.com\/?p=3984"},"modified":"2025-10-20T13:04:08","modified_gmt":"2025-10-20T11:04:08","slug":"the-offspring-assalta-lolimpic-en-una-nit-de-punk-rock-inoblidable","status":"publish","type":"post","link":"https:\/\/www.olimpicarena.com\/ca\/the-offspring-assalta-lolimpic-en-una-nit-de-punk-rock-inoblidable\/","title":{"rendered":"The Offspring assalta l&#8217;Olimpic en una nit de punk rock inoblidable"},"content":{"rendered":"<p>Hi ha concerts que s\u00f3n una demostraci\u00f3 de for\u00e7a visceral que converteix un recinte en l&#8217;epicentre d&#8217;una energia aclaparadora. Aix\u00f2 va ser exactament el que <strong>The Offspring<\/strong>, amb la complicitat d&#8217;uns magistrals <strong>Simple Plan<\/strong>, va aconseguir a l&#8217;Olimpic Arena de Badalona amb totes les entrades venudes.<\/p>\n<p>La vetllada va comen\u00e7ar amb Simple Plan, que van demostrar ser molt m\u00e9s que uns teloners. Els canadencs s\u00f3n mestres en l&#8217;art de connectar amb el p\u00fablic, desplegant un cat\u00e0leg d&#8217;himnes generacionals que van servir com la perfecta ignici\u00f3. La seva actuaci\u00f3 va ser una celebraci\u00f3 del <strong>pop-punk<\/strong> en el seu estat m\u00e9s pur, preparant el terreny per a la tempesta rockera que encara havia d&#8217;arribar.<\/p>\n<p><img loading=\"lazy\" decoding=\"async\" class=\"alignnone size-full wp-image-3972\" src=\"https:\/\/www.olimpicarena.com\/wp-content\/uploads\/2025\/10\/The-Offspring__Simple-Plan_Olimpic-Arena_Badalona_2025_%C2%A9Sergi-Parames_@furalabfoto_8A6754.jpg\" alt=\"\" width=\"1500\" height=\"1000\"><\/p>\n<p>Despr\u00e9s de vint minuts de descans, l&#8217;escenari va rebre les llegendes. The Offspring no va sortir a l&#8217;escenari, el va assaltar. La banda va donar el tret de sortida tocant nou temes sense fer gaireb\u00e9 cap pausa entre ells. Una desc\u00e0rrega d&#8217;adrenalina protagonitzada per himnes com <strong>&#8216;Come Out and Play&#8217;<\/strong> i <strong>&#8216;All I Want&#8217;<\/strong> que prometien una nit sense treva. Liderats per la inconfusible veu de <strong>Dexter Holland<\/strong> i els riffs esmolats de <strong>Noodles<\/strong>, van demostrar per qu\u00e8 s\u00f3n una de les forces creatives m\u00e9s potents del punk rock.<\/p>\n<p>El concert va ser un viatge a trav\u00e9s d&#8217;un llegat inesborrable, en qu\u00e8 hi va haver espai per alguna ll\u00e0grima durant l&#8217;emocionant &#8216;Gone Away&#8217;, que va transformar el pavell\u00f3 en un mar de llums en un moment de pura connexi\u00f3. Per\u00f2 aquesta pausa nom\u00e9s va servir per agafar impuls abans de l&#8217;apoteosi final.<\/p>\n<p><img loading=\"lazy\" decoding=\"async\" class=\"alignnone size-full wp-image-3976\" src=\"https:\/\/www.olimpicarena.com\/wp-content\/uploads\/2025\/10\/The-Offspring__Simple-Plan_Olimpic-Arena_Badalona_2025_%C2%A9Sergi-Parames_@furalabfoto_8A6874.jpg\" alt=\"\" width=\"1500\" height=\"1000\"><\/p>\n<p>La recta final va ser una festa sense descans, una successi\u00f3 de cl\u00e0ssics que s\u00f3n part de l&#8217;ADN de diverses generacions. <strong>&#8216;Pretty Fly (for White Guy)&#8217;<\/strong> , <strong>&#8216;The Kids Aren&#8217;t Alright&#8217;<\/strong> i l&#8217;esclat col\u00b7lectiu de <strong>&#8216;Self Esteem&#8217;<\/strong> van ser el colof\u00f3 \u200b\u200bd&#8217;una actuaci\u00f3 impecable, on la banda i el p\u00fablic es van fondre en una sola veu.<\/p>\n<p>Amb aquest darrer tema s&#8217;acomiadava un concert ple de nost\u00e0lgia i de rock que, per un moment, ens va tornar als noranta.<\/p>\n<p><!-- notionvc: ab642ff2-eaa1-4d07-8c68-f43ebe741415 --><\/p>\n","protected":false},"excerpt":{"rendered":"<p>Hi ha concerts que s\u00f3n una demostraci\u00f3 de for\u00e7a visceral que converteix un recinte en l&#8217;epicentre d&#8217;una energia aclaparadora. Aix\u00f2 va ser exactament el que The Offspring, amb la complicitat d&#8217;uns magistrals Simple Plan, va aconseguir a l&#8217;Olimpic Arena de<span class=\"ellipsis\">&hellip;<\/span><\/p>\n<div class=\"read-more\"><a href=\"https:\/\/www.olimpicarena.com\/ca\/the-offspring-assalta-lolimpic-en-una-nit-de-punk-rock-inoblidable\/\">Read more <span class=\"screen-reader-text\">The Offspring assalta l&#8217;Olimpic en una nit de punk rock inoblidable<\/span><span class=\"meta-nav\"> &#8250;<\/span><\/a><\/div>\n<p><!-- end of .read-more --><\/p>\n","protected":false},"author":3,"featured_media":3982,"comment_status":"open","ping_status":"open","sticky":false,"template":"","format":"standard","meta":{"_acf_changed":false,"inline_featured_image":false,"footnotes":""},"categories":[19],"tags":[],"class_list":["post-3984","post","type-post","status-publish","format-standard","has-post-thumbnail","hentry","category-uncategorized-ca"],"acf":[],"yoast_head":"<!-- This site is optimized with the Yoast SEO plugin v24.7 - https:\/\/yoast.com\/wordpress\/plugins\/seo\/ -->\n<title>The Offspring assalta l&#039;Olimpic en una nit de punk rock inoblidable - olimpicarena<\/title>\n<meta name=\"robots\" content=\"index, follow, max-snippet:-1, max-image-preview:large, max-video-preview:-1\" \/>\n<link rel=\"canonical\" href=\"https:\/\/www.olimpicarena.com\/ca\/the-offspring-assalta-lolimpic-en-una-nit-de-punk-rock-inoblidable\/\" \/>\n<meta property=\"og:locale\" content=\"ca_ES\" \/>\n<meta property=\"og:type\" content=\"article\" \/>\n<meta property=\"og:title\" content=\"The Offspring assalta l&#039;Olimpic en una nit de punk rock inoblidable - olimpicarena\" \/>\n<meta property=\"og:description\" content=\"Hi ha concerts que s\u00f3n una demostraci\u00f3 de for\u00e7a visceral que converteix un recinte en l&#8217;epicentre d&#8217;una energia aclaparadora. Aix\u00f2 va ser exactament el que The Offspring, amb la complicitat d&#8217;uns magistrals Simple Plan, va aconseguir a l&#8217;Olimpic Arena de&hellip;Read more The Offspring assalta l&#8217;Olimpic en una nit de punk rock inoblidable &#8250;\" \/>\n<meta property=\"og:url\" content=\"https:\/\/www.olimpicarena.com\/ca\/the-offspring-assalta-lolimpic-en-una-nit-de-punk-rock-inoblidable\/\" \/>\n<meta property=\"og:site_name\" content=\"olimpicarena\" \/>\n<meta property=\"article:published_time\" content=\"2025-10-20T11:04:08+00:00\" \/>\n<meta property=\"og:image\" content=\"https:\/\/www.olimpicarena.com\/wp-content\/uploads\/2025\/10\/The-Offspring__Simple-Plan_Olimpic-Arena_Badalona_2025_\u00a9Sergi-Parames_@furalabfoto_8A6754.jpg\" \/>\n\t<meta property=\"og:image:width\" content=\"1500\" \/>\n\t<meta property=\"og:image:height\" content=\"1000\" \/>\n\t<meta property=\"og:image:type\" content=\"image\/jpeg\" \/>\n<meta name=\"author\" content=\"olimpicarena\" \/>\n<meta name=\"twitter:card\" content=\"summary_large_image\" \/>\n<meta name=\"twitter:label1\" content=\"Escrit per\" \/>\n\t<meta name=\"twitter:data1\" content=\"olimpicarena\" \/>\n\t<meta name=\"twitter:label2\" content=\"Temps estimat de lectura\" \/>\n\t<meta name=\"twitter:data2\" content=\"2 minuts\" \/>\n<script type=\"application\/ld+json\" class=\"yoast-schema-graph\">{\"@context\":\"https:\/\/schema.org\",\"@graph\":[{\"@type\":\"WebPage\",\"@id\":\"https:\/\/www.olimpicarena.com\/ca\/the-offspring-assalta-lolimpic-en-una-nit-de-punk-rock-inoblidable\/\",\"url\":\"https:\/\/www.olimpicarena.com\/ca\/the-offspring-assalta-lolimpic-en-una-nit-de-punk-rock-inoblidable\/\",\"name\":\"The Offspring assalta l'Olimpic en una nit de punk rock inoblidable - olimpicarena\",\"isPartOf\":{\"@id\":\"https:\/\/www.olimpicarena.com\/ca\/#website\"},\"primaryImageOfPage\":{\"@id\":\"https:\/\/www.olimpicarena.com\/ca\/the-offspring-assalta-lolimpic-en-una-nit-de-punk-rock-inoblidable\/#primaryimage\"},\"image\":{\"@id\":\"https:\/\/www.olimpicarena.com\/ca\/the-offspring-assalta-lolimpic-en-una-nit-de-punk-rock-inoblidable\/#primaryimage\"},\"thumbnailUrl\":\"https:\/\/www.olimpicarena.com\/wp-content\/uploads\/2025\/10\/The-Offspring__Simple-Plan_Olimpic-Arena_Badalona_2025_\u00a9Sergi-Parames_@furalabfoto_8A6996.jpg\",\"datePublished\":\"2025-10-20T11:04:08+00:00\",\"author\":{\"@id\":\"https:\/\/www.olimpicarena.com\/ca\/#\/schema\/person\/9d6083f339838e8c598ed354225493a0\"},\"breadcrumb\":{\"@id\":\"https:\/\/www.olimpicarena.com\/ca\/the-offspring-assalta-lolimpic-en-una-nit-de-punk-rock-inoblidable\/#breadcrumb\"},\"inLanguage\":\"ca\",\"potentialAction\":[{\"@type\":\"ReadAction\",\"target\":[\"https:\/\/www.olimpicarena.com\/ca\/the-offspring-assalta-lolimpic-en-una-nit-de-punk-rock-inoblidable\/\"]}]},{\"@type\":\"ImageObject\",\"inLanguage\":\"ca\",\"@id\":\"https:\/\/www.olimpicarena.com\/ca\/the-offspring-assalta-lolimpic-en-una-nit-de-punk-rock-inoblidable\/#primaryimage\",\"url\":\"https:\/\/www.olimpicarena.com\/wp-content\/uploads\/2025\/10\/The-Offspring__Simple-Plan_Olimpic-Arena_Badalona_2025_\u00a9Sergi-Parames_@furalabfoto_8A6996.jpg\",\"contentUrl\":\"https:\/\/www.olimpicarena.com\/wp-content\/uploads\/2025\/10\/The-Offspring__Simple-Plan_Olimpic-Arena_Badalona_2025_\u00a9Sergi-Parames_@furalabfoto_8A6996.jpg\",\"width\":1500,\"height\":1000},{\"@type\":\"BreadcrumbList\",\"@id\":\"https:\/\/www.olimpicarena.com\/ca\/the-offspring-assalta-lolimpic-en-una-nit-de-punk-rock-inoblidable\/#breadcrumb\",\"itemListElement\":[{\"@type\":\"ListItem\",\"position\":1,\"name\":\"Home\",\"item\":\"https:\/\/www.olimpicarena.com\/ca\/\"},{\"@type\":\"ListItem\",\"position\":2,\"name\":\"The Offspring assalta l&#8217;Olimpic en una nit de punk rock inoblidable\"}]},{\"@type\":\"WebSite\",\"@id\":\"https:\/\/www.olimpicarena.com\/ca\/#website\",\"url\":\"https:\/\/www.olimpicarena.com\/ca\/\",\"name\":\"olimpicarena\",\"description\":\"\",\"potentialAction\":[{\"@type\":\"SearchAction\",\"target\":{\"@type\":\"EntryPoint\",\"urlTemplate\":\"https:\/\/www.olimpicarena.com\/ca\/?s={search_term_string}\"},\"query-input\":{\"@type\":\"PropertyValueSpecification\",\"valueRequired\":true,\"valueName\":\"search_term_string\"}}],\"inLanguage\":\"ca\"},{\"@type\":\"Person\",\"@id\":\"https:\/\/www.olimpicarena.com\/ca\/#\/schema\/person\/9d6083f339838e8c598ed354225493a0\",\"name\":\"olimpicarena\",\"image\":{\"@type\":\"ImageObject\",\"inLanguage\":\"ca\",\"@id\":\"https:\/\/www.olimpicarena.com\/ca\/#\/schema\/person\/image\/\",\"url\":\"https:\/\/secure.gravatar.com\/avatar\/963f0993d5292040115fa08f2030a00f9803a555d8024f9c3f19ff8e300d4822?s=96&d=mm&r=g\",\"contentUrl\":\"https:\/\/secure.gravatar.com\/avatar\/963f0993d5292040115fa08f2030a00f9803a555d8024f9c3f19ff8e300d4822?s=96&d=mm&r=g\",\"caption\":\"olimpicarena\"},\"sameAs\":[\"https:\/\/www.olimpicarena.com\"]}]}<\/script>\n<!-- \/ Yoast SEO plugin. -->","yoast_head_json":{"title":"The Offspring assalta l'Olimpic en una nit de punk rock inoblidable - olimpicarena","robots":{"index":"index","follow":"follow","max-snippet":"max-snippet:-1","max-image-preview":"max-image-preview:large","max-video-preview":"max-video-preview:-1"},"canonical":"https:\/\/www.olimpicarena.com\/ca\/the-offspring-assalta-lolimpic-en-una-nit-de-punk-rock-inoblidable\/","og_locale":"ca_ES","og_type":"article","og_title":"The Offspring assalta l'Olimpic en una nit de punk rock inoblidable - olimpicarena","og_description":"Hi ha concerts que s\u00f3n una demostraci\u00f3 de for\u00e7a visceral que converteix un recinte en l&#8217;epicentre d&#8217;una energia aclaparadora. Aix\u00f2 va ser exactament el que The Offspring, amb la complicitat d&#8217;uns magistrals Simple Plan, va aconseguir a l&#8217;Olimpic Arena de&hellip;Read more The Offspring assalta l&#8217;Olimpic en una nit de punk rock inoblidable &#8250;","og_url":"https:\/\/www.olimpicarena.com\/ca\/the-offspring-assalta-lolimpic-en-una-nit-de-punk-rock-inoblidable\/","og_site_name":"olimpicarena","article_published_time":"2025-10-20T11:04:08+00:00","og_image":[{"width":1500,"height":1000,"url":"https:\/\/www.olimpicarena.com\/wp-content\/uploads\/2025\/10\/The-Offspring__Simple-Plan_Olimpic-Arena_Badalona_2025_\u00a9Sergi-Parames_@furalabfoto_8A6754.jpg","type":"image\/jpeg"}],"author":"olimpicarena","twitter_card":"summary_large_image","twitter_misc":{"Escrit per":"olimpicarena","Temps estimat de lectura":"2 minuts"},"schema":{"@context":"https:\/\/schema.org","@graph":[{"@type":"WebPage","@id":"https:\/\/www.olimpicarena.com\/ca\/the-offspring-assalta-lolimpic-en-una-nit-de-punk-rock-inoblidable\/","url":"https:\/\/www.olimpicarena.com\/ca\/the-offspring-assalta-lolimpic-en-una-nit-de-punk-rock-inoblidable\/","name":"The Offspring assalta l'Olimpic en una nit de punk rock inoblidable - olimpicarena","isPartOf":{"@id":"https:\/\/www.olimpicarena.com\/ca\/#website"},"primaryImageOfPage":{"@id":"https:\/\/www.olimpicarena.com\/ca\/the-offspring-assalta-lolimpic-en-una-nit-de-punk-rock-inoblidable\/#primaryimage"},"image":{"@id":"https:\/\/www.olimpicarena.com\/ca\/the-offspring-assalta-lolimpic-en-una-nit-de-punk-rock-inoblidable\/#primaryimage"},"thumbnailUrl":"https:\/\/www.olimpicarena.com\/wp-content\/uploads\/2025\/10\/The-Offspring__Simple-Plan_Olimpic-Arena_Badalona_2025_\u00a9Sergi-Parames_@furalabfoto_8A6996.jpg","datePublished":"2025-10-20T11:04:08+00:00","author":{"@id":"https:\/\/www.olimpicarena.com\/ca\/#\/schema\/person\/9d6083f339838e8c598ed354225493a0"},"breadcrumb":{"@id":"https:\/\/www.olimpicarena.com\/ca\/the-offspring-assalta-lolimpic-en-una-nit-de-punk-rock-inoblidable\/#breadcrumb"},"inLanguage":"ca","potentialAction":[{"@type":"ReadAction","target":["https:\/\/www.olimpicarena.com\/ca\/the-offspring-assalta-lolimpic-en-una-nit-de-punk-rock-inoblidable\/"]}]},{"@type":"ImageObject","inLanguage":"ca","@id":"https:\/\/www.olimpicarena.com\/ca\/the-offspring-assalta-lolimpic-en-una-nit-de-punk-rock-inoblidable\/#primaryimage","url":"https:\/\/www.olimpicarena.com\/wp-content\/uploads\/2025\/10\/The-Offspring__Simple-Plan_Olimpic-Arena_Badalona_2025_\u00a9Sergi-Parames_@furalabfoto_8A6996.jpg","contentUrl":"https:\/\/www.olimpicarena.com\/wp-content\/uploads\/2025\/10\/The-Offspring__Simple-Plan_Olimpic-Arena_Badalona_2025_\u00a9Sergi-Parames_@furalabfoto_8A6996.jpg","width":1500,"height":1000},{"@type":"BreadcrumbList","@id":"https:\/\/www.olimpicarena.com\/ca\/the-offspring-assalta-lolimpic-en-una-nit-de-punk-rock-inoblidable\/#breadcrumb","itemListElement":[{"@type":"ListItem","position":1,"name":"Home","item":"https:\/\/www.olimpicarena.com\/ca\/"},{"@type":"ListItem","position":2,"name":"The Offspring assalta l&#8217;Olimpic en una nit de punk rock inoblidable"}]},{"@type":"WebSite","@id":"https:\/\/www.olimpicarena.com\/ca\/#website","url":"https:\/\/www.olimpicarena.com\/ca\/","name":"olimpicarena","description":"","potentialAction":[{"@type":"SearchAction","target":{"@type":"EntryPoint","urlTemplate":"https:\/\/www.olimpicarena.com\/ca\/?s={search_term_string}"},"query-input":{"@type":"PropertyValueSpecification","valueRequired":true,"valueName":"search_term_string"}}],"inLanguage":"ca"},{"@type":"Person","@id":"https:\/\/www.olimpicarena.com\/ca\/#\/schema\/person\/9d6083f339838e8c598ed354225493a0","name":"olimpicarena","image":{"@type":"ImageObject","inLanguage":"ca","@id":"https:\/\/www.olimpicarena.com\/ca\/#\/schema\/person\/image\/","url":"https:\/\/secure.gravatar.com\/avatar\/963f0993d5292040115fa08f2030a00f9803a555d8024f9c3f19ff8e300d4822?s=96&d=mm&r=g","contentUrl":"https:\/\/secure.gravatar.com\/avatar\/963f0993d5292040115fa08f2030a00f9803a555d8024f9c3f19ff8e300d4822?s=96&d=mm&r=g","caption":"olimpicarena"},"sameAs":["https:\/\/www.olimpicarena.com"]}]}},"_links":{"self":[{"href":"https:\/\/www.olimpicarena.com\/ca\/wp-json\/wp\/v2\/posts\/3984","targetHints":{"allow":["GET"]}}],"collection":[{"href":"https:\/\/www.olimpicarena.com\/ca\/wp-json\/wp\/v2\/posts"}],"about":[{"href":"https:\/\/www.olimpicarena.com\/ca\/wp-json\/wp\/v2\/types\/post"}],"author":[{"embeddable":true,"href":"https:\/\/www.olimpicarena.com\/ca\/wp-json\/wp\/v2\/users\/3"}],"replies":[{"embeddable":true,"href":"https:\/\/www.olimpicarena.com\/ca\/wp-json\/wp\/v2\/comments?post=3984"}],"version-history":[{"count":1,"href":"https:\/\/www.olimpicarena.com\/ca\/wp-json\/wp\/v2\/posts\/3984\/revisions"}],"predecessor-version":[{"id":3986,"href":"https:\/\/www.olimpicarena.com\/ca\/wp-json\/wp\/v2\/posts\/3984\/revisions\/3986"}],"wp:featuredmedia":[{"embeddable":true,"href":"https:\/\/www.olimpicarena.com\/ca\/wp-json\/wp\/v2\/media\/3982"}],"wp:attachment":[{"href":"https:\/\/www.olimpicarena.com\/ca\/wp-json\/wp\/v2\/media?parent=3984"}],"wp:term":[{"taxonomy":"category","embeddable":true,"href":"https:\/\/www.olimpicarena.com\/ca\/wp-json\/wp\/v2\/categories?post=3984"},{"taxonomy":"post_tag","embeddable":true,"href":"https:\/\/www.olimpicarena.com\/ca\/wp-json\/wp\/v2\/tags?post=3984"}],"curies":[{"name":"wp","href":"https:\/\/api.w.org\/{rel}","templated":true}]}}