{"id":3780,"date":"2025-09-02T10:27:10","date_gmt":"2025-09-02T08:27:10","guid":{"rendered":"https:\/\/www.olimpicarena.com\/?p=3780"},"modified":"2025-09-02T10:35:36","modified_gmt":"2025-09-02T08:35:36","slug":"que-es-el-fenomen-dimash-kudaibergen-i-on-veurel-a-espanya","status":"publish","type":"post","link":"https:\/\/www.olimpicarena.com\/ca\/que-es-el-fenomen-dimash-kudaibergen-i-on-veurel-a-espanya\/","title":{"rendered":"Qu\u00e8 \u00e9s el fenomen Dimash Kudaibergen i on veure&#8217;l a Espanya?"},"content":{"rendered":"<p>Dimash Kudaibergen, el cantant kazakh la veu del qual ha conquerit el m\u00f3n, s\u2019ha convertit en un aut\u00e8ntic fenomen global. Amb un registre vocal de sis octaves i una versatilitat que abasta des de la m\u00fasica cl\u00e0ssica fins al pop contemporani, Dimash ha aconseguit el que pocs artistes: combinar virtuosisme t\u00e8cnic amb una emotivitat que transcendeix idiomes i cultures. Ara, finalment, es podr\u00e0 gaudir a Espanya a l\u2019<strong>Olimpic Arena de Badalona<\/strong>, el proper <strong>8 de novembre<\/strong>.<\/p>\n<p><img loading=\"lazy\" decoding=\"async\" class=\"alignnone size-full wp-image-3465\" src=\"https:\/\/www.olimpicarena.com\/wp-content\/uploads\/2025\/04\/1440\u0445500.jpg\" alt=\"\" width=\"1440\" height=\"500\" srcset=\"https:\/\/www.olimpicarena.com\/wp-content\/uploads\/2025\/04\/1440\u0445500.jpg 1440w, https:\/\/www.olimpicarena.com\/wp-content\/uploads\/2025\/04\/1440\u0445500-768x266.jpg 768w, https:\/\/www.olimpicarena.com\/wp-content\/uploads\/2025\/04\/1440\u0445500-1320x458.jpg 1320w\" sizes=\"auto, (max-width: 1440px) 100vw, 1440px\" \/><\/p>\n<h2><strong>De Kazakhstan al m\u00f3n<\/strong><\/h2>\n<p>La <strong>hist\u00f2ria de Dimash<\/strong> va comen\u00e7ar al Kazakhstan, en una fam\u00edlia de m\u00fasics, on va comen\u00e7ar a tocar el piano i a cantar des de ben jove. El seu talent el va portar a guanyar concursos internacionals i, el 2017, la seva participaci\u00f3 al programa xin\u00e8s Singer 2017 el va catapultar al reconeixement asi\u00e0tic. Des d\u2019aleshores, ha acumulat milions de seguidors a plataformes digitals i ha omplert sales de concerts en diferents continents, demostrant que la seva m\u00fasica no coneix fronteres.<\/p>\n<p>Dimash no nom\u00e9s impressiona per la seva t\u00e8cnica, sin\u00f3 tamb\u00e9 per la seva capacitat de connectar emocionalment amb el p\u00fablic. El seu repertori inclou can\u00e7ons en m\u00e9s d\u2019una desena d\u2019idiomes, cosa que reflecteix el seu inter\u00e8s per la diversitat cultural i la seva habilitat per transmetre sentiments universals. Cada actuaci\u00f3 \u00e9s una experi\u00e8ncia que combina pot\u00e8ncia vocal, interpretaci\u00f3 dram\u00e0tica i un virtuosisme instrumental poc com\u00fa en la m\u00fasica contempor\u00e0nia.<\/p>\n<p><iframe loading=\"lazy\" title=\"YouTube video player\" src=\"https:\/\/www.youtube.com\/embed\/yuWlwVIiTyU?si=FTm0TbipMfqYRNsA\" width=\"560\" height=\"315\" frameborder=\"0\" allowfullscreen=\"allowfullscreen\" data-mce-fragment=\"1\"><\/iframe><\/p>\n<h2><strong>Dimash arriba a Espanya<\/strong><\/h2>\n<p>A Espanya, l\u2019espera per veure\u2019l en directe ha generat una expectaci\u00f3 sense precedents. El proper 8 de novembre, Dimash actuar\u00e0 a l\u2019Olimpic Arena de Badalona, un esdeveniment que promet ser hist\u00f2ric. S\u2019espera un recinte ple al 100%, amb seguidors arribats de diferents ciutats i regions per viure de prop aquesta experi\u00e8ncia \u00fanica. Aquesta cita representa una oportunitat excepcional per als fans espanyols d\u2019apropar-se al fenomen Dimash i descobrir per qu\u00e8 el seu nom \u00e9s a la boca de tots els amants de la m\u00fasica a tot el planeta.<\/p>\n<p><center><br \/>\n<img loading=\"lazy\" decoding=\"async\" class=\"size-full wp-image-3477\" src=\"https:\/\/www.olimpicarena.com\/wp-content\/uploads\/2023\/12\/624\u0445700.jpg\" alt=\"\" width=\"624\" height=\"700\" srcset=\"https:\/\/www.olimpicarena.com\/wp-content\/uploads\/2023\/12\/624\u0445700.jpg 624w, https:\/\/www.olimpicarena.com\/wp-content\/uploads\/2023\/12\/624\u0445700-768x861.jpg 768w, https:\/\/www.olimpicarena.com\/wp-content\/uploads\/2023\/12\/624\u0445700-1320x1480.jpg 1320w\" sizes=\"auto, (max-width: 624px) 100vw, 624px\" \/><\/center><br \/>\nSer\u00e0 una nit inoblidable, una demostraci\u00f3 m\u00e9s del poder d\u2019una veu que transcendeix g\u00e8neres, idiomes i fronteres: el fenomen <strong>Dimash Kudaibergen<\/strong> est\u00e0 a punt per conquerir l\u2019Olimpic Arena. <a href=\"https:\/\/www.olimpicarena.com\/ca\/agenda\/dimash-kudaibergen\/\" target=\"_blank\" rel=\"noopener\"><strong>No et quedis sense la teva entrada i compra-la clicant aqu\u00ed.<\/strong><\/a><\/p>\n","protected":false},"excerpt":{"rendered":"<p>Dimash Kudaibergen, el cantant kazakh la veu del qual ha conquerit el m\u00f3n, s\u2019ha convertit en un aut\u00e8ntic fenomen global. Amb un registre vocal de sis octaves i una versatilitat que abasta des de la m\u00fasica cl\u00e0ssica fins al pop<span class=\"ellipsis\">&hellip;<\/span><\/p>\n<div class=\"read-more\"><a href=\"https:\/\/www.olimpicarena.com\/ca\/que-es-el-fenomen-dimash-kudaibergen-i-on-veurel-a-espanya\/\">Read more <span class=\"screen-reader-text\">Qu\u00e8 \u00e9s el fenomen Dimash Kudaibergen i on veure&#8217;l a Espanya?<\/span><span class=\"meta-nav\"> &#8250;<\/span><\/a><\/div>\n<p><!-- end of .read-more --><\/p>\n","protected":false},"author":3,"featured_media":3775,"comment_status":"open","ping_status":"open","sticky":false,"template":"","format":"standard","meta":{"_acf_changed":false,"inline_featured_image":false,"footnotes":""},"categories":[19],"tags":[],"class_list":["post-3780","post","type-post","status-publish","format-standard","has-post-thumbnail","hentry","category-uncategorized-ca"],"acf":[],"yoast_head":"<!-- This site is optimized with the Yoast SEO plugin v24.7 - https:\/\/yoast.com\/wordpress\/plugins\/seo\/ -->\n<title>Qu\u00e8 \u00e9s el fenomen Dimash Kudaibergen i on veure&#039;l a Espanya? - olimpicarena<\/title>\n<meta name=\"robots\" content=\"index, follow, max-snippet:-1, max-image-preview:large, max-video-preview:-1\" \/>\n<link rel=\"canonical\" href=\"https:\/\/www.olimpicarena.com\/ca\/que-es-el-fenomen-dimash-kudaibergen-i-on-veurel-a-espanya\/\" \/>\n<meta property=\"og:locale\" content=\"ca_ES\" \/>\n<meta property=\"og:type\" content=\"article\" \/>\n<meta property=\"og:title\" content=\"Qu\u00e8 \u00e9s el fenomen Dimash Kudaibergen i on veure&#039;l a Espanya? - olimpicarena\" \/>\n<meta property=\"og:description\" content=\"Dimash Kudaibergen, el cantant kazakh la veu del qual ha conquerit el m\u00f3n, s\u2019ha convertit en un aut\u00e8ntic fenomen global. Amb un registre vocal de sis octaves i una versatilitat que abasta des de la m\u00fasica cl\u00e0ssica fins al pop&hellip;Read more Qu\u00e8 \u00e9s el fenomen Dimash Kudaibergen i on veure&#8217;l a Espanya? &#8250;\" \/>\n<meta property=\"og:url\" content=\"https:\/\/www.olimpicarena.com\/ca\/que-es-el-fenomen-dimash-kudaibergen-i-on-veurel-a-espanya\/\" \/>\n<meta property=\"og:site_name\" content=\"olimpicarena\" \/>\n<meta property=\"article:published_time\" content=\"2025-09-02T08:27:10+00:00\" \/>\n<meta property=\"article:modified_time\" content=\"2025-09-02T08:35:36+00:00\" \/>\n<meta property=\"og:image\" content=\"https:\/\/www.olimpicarena.com\/wp-content\/uploads\/2025\/09\/Dimash.jpg\" \/>\n\t<meta property=\"og:image:width\" content=\"1080\" \/>\n\t<meta property=\"og:image:height\" content=\"1080\" \/>\n\t<meta property=\"og:image:type\" content=\"image\/jpeg\" \/>\n<meta name=\"author\" content=\"olimpicarena\" \/>\n<meta name=\"twitter:card\" content=\"summary_large_image\" \/>\n<meta name=\"twitter:label1\" content=\"Escrit per\" \/>\n\t<meta name=\"twitter:data1\" content=\"olimpicarena\" \/>\n\t<meta name=\"twitter:label2\" content=\"Temps estimat de lectura\" \/>\n\t<meta name=\"twitter:data2\" content=\"2 minuts\" \/>\n<script type=\"application\/ld+json\" class=\"yoast-schema-graph\">{\"@context\":\"https:\/\/schema.org\",\"@graph\":[{\"@type\":\"WebPage\",\"@id\":\"https:\/\/www.olimpicarena.com\/ca\/que-es-el-fenomen-dimash-kudaibergen-i-on-veurel-a-espanya\/\",\"url\":\"https:\/\/www.olimpicarena.com\/ca\/que-es-el-fenomen-dimash-kudaibergen-i-on-veurel-a-espanya\/\",\"name\":\"Qu\u00e8 \u00e9s el fenomen Dimash Kudaibergen i on veure'l a Espanya? - olimpicarena\",\"isPartOf\":{\"@id\":\"https:\/\/www.olimpicarena.com\/ca\/#website\"},\"primaryImageOfPage\":{\"@id\":\"https:\/\/www.olimpicarena.com\/ca\/que-es-el-fenomen-dimash-kudaibergen-i-on-veurel-a-espanya\/#primaryimage\"},\"image\":{\"@id\":\"https:\/\/www.olimpicarena.com\/ca\/que-es-el-fenomen-dimash-kudaibergen-i-on-veurel-a-espanya\/#primaryimage\"},\"thumbnailUrl\":\"https:\/\/www.olimpicarena.com\/wp-content\/uploads\/2025\/09\/Dimash.jpg\",\"datePublished\":\"2025-09-02T08:27:10+00:00\",\"dateModified\":\"2025-09-02T08:35:36+00:00\",\"author\":{\"@id\":\"https:\/\/www.olimpicarena.com\/ca\/#\/schema\/person\/9d6083f339838e8c598ed354225493a0\"},\"breadcrumb\":{\"@id\":\"https:\/\/www.olimpicarena.com\/ca\/que-es-el-fenomen-dimash-kudaibergen-i-on-veurel-a-espanya\/#breadcrumb\"},\"inLanguage\":\"ca\",\"potentialAction\":[{\"@type\":\"ReadAction\",\"target\":[\"https:\/\/www.olimpicarena.com\/ca\/que-es-el-fenomen-dimash-kudaibergen-i-on-veurel-a-espanya\/\"]}]},{\"@type\":\"ImageObject\",\"inLanguage\":\"ca\",\"@id\":\"https:\/\/www.olimpicarena.com\/ca\/que-es-el-fenomen-dimash-kudaibergen-i-on-veurel-a-espanya\/#primaryimage\",\"url\":\"https:\/\/www.olimpicarena.com\/wp-content\/uploads\/2025\/09\/Dimash.jpg\",\"contentUrl\":\"https:\/\/www.olimpicarena.com\/wp-content\/uploads\/2025\/09\/Dimash.jpg\",\"width\":1080,\"height\":1080,\"caption\":\"Dimash Kuidaibergen en Espa\u00f1a\"},{\"@type\":\"BreadcrumbList\",\"@id\":\"https:\/\/www.olimpicarena.com\/ca\/que-es-el-fenomen-dimash-kudaibergen-i-on-veurel-a-espanya\/#breadcrumb\",\"itemListElement\":[{\"@type\":\"ListItem\",\"position\":1,\"name\":\"Home\",\"item\":\"https:\/\/www.olimpicarena.com\/ca\/\"},{\"@type\":\"ListItem\",\"position\":2,\"name\":\"Qu\u00e8 \u00e9s el fenomen Dimash Kudaibergen i on veure&#8217;l a Espanya?\"}]},{\"@type\":\"WebSite\",\"@id\":\"https:\/\/www.olimpicarena.com\/ca\/#website\",\"url\":\"https:\/\/www.olimpicarena.com\/ca\/\",\"name\":\"olimpicarena\",\"description\":\"\",\"potentialAction\":[{\"@type\":\"SearchAction\",\"target\":{\"@type\":\"EntryPoint\",\"urlTemplate\":\"https:\/\/www.olimpicarena.com\/ca\/?s={search_term_string}\"},\"query-input\":{\"@type\":\"PropertyValueSpecification\",\"valueRequired\":true,\"valueName\":\"search_term_string\"}}],\"inLanguage\":\"ca\"},{\"@type\":\"Person\",\"@id\":\"https:\/\/www.olimpicarena.com\/ca\/#\/schema\/person\/9d6083f339838e8c598ed354225493a0\",\"name\":\"olimpicarena\",\"image\":{\"@type\":\"ImageObject\",\"inLanguage\":\"ca\",\"@id\":\"https:\/\/www.olimpicarena.com\/ca\/#\/schema\/person\/image\/\",\"url\":\"https:\/\/secure.gravatar.com\/avatar\/963f0993d5292040115fa08f2030a00f9803a555d8024f9c3f19ff8e300d4822?s=96&d=mm&r=g\",\"contentUrl\":\"https:\/\/secure.gravatar.com\/avatar\/963f0993d5292040115fa08f2030a00f9803a555d8024f9c3f19ff8e300d4822?s=96&d=mm&r=g\",\"caption\":\"olimpicarena\"},\"sameAs\":[\"https:\/\/www.olimpicarena.com\"]}]}<\/script>\n<!-- \/ Yoast SEO plugin. -->","yoast_head_json":{"title":"Qu\u00e8 \u00e9s el fenomen Dimash Kudaibergen i on veure'l a Espanya? - olimpicarena","robots":{"index":"index","follow":"follow","max-snippet":"max-snippet:-1","max-image-preview":"max-image-preview:large","max-video-preview":"max-video-preview:-1"},"canonical":"https:\/\/www.olimpicarena.com\/ca\/que-es-el-fenomen-dimash-kudaibergen-i-on-veurel-a-espanya\/","og_locale":"ca_ES","og_type":"article","og_title":"Qu\u00e8 \u00e9s el fenomen Dimash Kudaibergen i on veure'l a Espanya? - olimpicarena","og_description":"Dimash Kudaibergen, el cantant kazakh la veu del qual ha conquerit el m\u00f3n, s\u2019ha convertit en un aut\u00e8ntic fenomen global. Amb un registre vocal de sis octaves i una versatilitat que abasta des de la m\u00fasica cl\u00e0ssica fins al pop&hellip;Read more Qu\u00e8 \u00e9s el fenomen Dimash Kudaibergen i on veure&#8217;l a Espanya? &#8250;","og_url":"https:\/\/www.olimpicarena.com\/ca\/que-es-el-fenomen-dimash-kudaibergen-i-on-veurel-a-espanya\/","og_site_name":"olimpicarena","article_published_time":"2025-09-02T08:27:10+00:00","article_modified_time":"2025-09-02T08:35:36+00:00","og_image":[{"width":1080,"height":1080,"url":"https:\/\/www.olimpicarena.com\/wp-content\/uploads\/2025\/09\/Dimash.jpg","type":"image\/jpeg"}],"author":"olimpicarena","twitter_card":"summary_large_image","twitter_misc":{"Escrit per":"olimpicarena","Temps estimat de lectura":"2 minuts"},"schema":{"@context":"https:\/\/schema.org","@graph":[{"@type":"WebPage","@id":"https:\/\/www.olimpicarena.com\/ca\/que-es-el-fenomen-dimash-kudaibergen-i-on-veurel-a-espanya\/","url":"https:\/\/www.olimpicarena.com\/ca\/que-es-el-fenomen-dimash-kudaibergen-i-on-veurel-a-espanya\/","name":"Qu\u00e8 \u00e9s el fenomen Dimash Kudaibergen i on veure'l a Espanya? - olimpicarena","isPartOf":{"@id":"https:\/\/www.olimpicarena.com\/ca\/#website"},"primaryImageOfPage":{"@id":"https:\/\/www.olimpicarena.com\/ca\/que-es-el-fenomen-dimash-kudaibergen-i-on-veurel-a-espanya\/#primaryimage"},"image":{"@id":"https:\/\/www.olimpicarena.com\/ca\/que-es-el-fenomen-dimash-kudaibergen-i-on-veurel-a-espanya\/#primaryimage"},"thumbnailUrl":"https:\/\/www.olimpicarena.com\/wp-content\/uploads\/2025\/09\/Dimash.jpg","datePublished":"2025-09-02T08:27:10+00:00","dateModified":"2025-09-02T08:35:36+00:00","author":{"@id":"https:\/\/www.olimpicarena.com\/ca\/#\/schema\/person\/9d6083f339838e8c598ed354225493a0"},"breadcrumb":{"@id":"https:\/\/www.olimpicarena.com\/ca\/que-es-el-fenomen-dimash-kudaibergen-i-on-veurel-a-espanya\/#breadcrumb"},"inLanguage":"ca","potentialAction":[{"@type":"ReadAction","target":["https:\/\/www.olimpicarena.com\/ca\/que-es-el-fenomen-dimash-kudaibergen-i-on-veurel-a-espanya\/"]}]},{"@type":"ImageObject","inLanguage":"ca","@id":"https:\/\/www.olimpicarena.com\/ca\/que-es-el-fenomen-dimash-kudaibergen-i-on-veurel-a-espanya\/#primaryimage","url":"https:\/\/www.olimpicarena.com\/wp-content\/uploads\/2025\/09\/Dimash.jpg","contentUrl":"https:\/\/www.olimpicarena.com\/wp-content\/uploads\/2025\/09\/Dimash.jpg","width":1080,"height":1080,"caption":"Dimash Kuidaibergen en Espa\u00f1a"},{"@type":"BreadcrumbList","@id":"https:\/\/www.olimpicarena.com\/ca\/que-es-el-fenomen-dimash-kudaibergen-i-on-veurel-a-espanya\/#breadcrumb","itemListElement":[{"@type":"ListItem","position":1,"name":"Home","item":"https:\/\/www.olimpicarena.com\/ca\/"},{"@type":"ListItem","position":2,"name":"Qu\u00e8 \u00e9s el fenomen Dimash Kudaibergen i on veure&#8217;l a Espanya?"}]},{"@type":"WebSite","@id":"https:\/\/www.olimpicarena.com\/ca\/#website","url":"https:\/\/www.olimpicarena.com\/ca\/","name":"olimpicarena","description":"","potentialAction":[{"@type":"SearchAction","target":{"@type":"EntryPoint","urlTemplate":"https:\/\/www.olimpicarena.com\/ca\/?s={search_term_string}"},"query-input":{"@type":"PropertyValueSpecification","valueRequired":true,"valueName":"search_term_string"}}],"inLanguage":"ca"},{"@type":"Person","@id":"https:\/\/www.olimpicarena.com\/ca\/#\/schema\/person\/9d6083f339838e8c598ed354225493a0","name":"olimpicarena","image":{"@type":"ImageObject","inLanguage":"ca","@id":"https:\/\/www.olimpicarena.com\/ca\/#\/schema\/person\/image\/","url":"https:\/\/secure.gravatar.com\/avatar\/963f0993d5292040115fa08f2030a00f9803a555d8024f9c3f19ff8e300d4822?s=96&d=mm&r=g","contentUrl":"https:\/\/secure.gravatar.com\/avatar\/963f0993d5292040115fa08f2030a00f9803a555d8024f9c3f19ff8e300d4822?s=96&d=mm&r=g","caption":"olimpicarena"},"sameAs":["https:\/\/www.olimpicarena.com"]}]}},"_links":{"self":[{"href":"https:\/\/www.olimpicarena.com\/ca\/wp-json\/wp\/v2\/posts\/3780","targetHints":{"allow":["GET"]}}],"collection":[{"href":"https:\/\/www.olimpicarena.com\/ca\/wp-json\/wp\/v2\/posts"}],"about":[{"href":"https:\/\/www.olimpicarena.com\/ca\/wp-json\/wp\/v2\/types\/post"}],"author":[{"embeddable":true,"href":"https:\/\/www.olimpicarena.com\/ca\/wp-json\/wp\/v2\/users\/3"}],"replies":[{"embeddable":true,"href":"https:\/\/www.olimpicarena.com\/ca\/wp-json\/wp\/v2\/comments?post=3780"}],"version-history":[{"count":1,"href":"https:\/\/www.olimpicarena.com\/ca\/wp-json\/wp\/v2\/posts\/3780\/revisions"}],"predecessor-version":[{"id":3781,"href":"https:\/\/www.olimpicarena.com\/ca\/wp-json\/wp\/v2\/posts\/3780\/revisions\/3781"}],"wp:featuredmedia":[{"embeddable":true,"href":"https:\/\/www.olimpicarena.com\/ca\/wp-json\/wp\/v2\/media\/3775"}],"wp:attachment":[{"href":"https:\/\/www.olimpicarena.com\/ca\/wp-json\/wp\/v2\/media?parent=3780"}],"wp:term":[{"taxonomy":"category","embeddable":true,"href":"https:\/\/www.olimpicarena.com\/ca\/wp-json\/wp\/v2\/categories?post=3780"},{"taxonomy":"post_tag","embeddable":true,"href":"https:\/\/www.olimpicarena.com\/ca\/wp-json\/wp\/v2\/tags?post=3780"}],"curies":[{"name":"wp","href":"https:\/\/api.w.org\/{rel}","templated":true}]}}