{"id":2164,"date":"2024-05-23T10:26:53","date_gmt":"2024-05-23T08:26:53","guid":{"rendered":"https:\/\/www.olimpicarena.com\/?p=2164"},"modified":"2024-05-23T10:41:36","modified_gmt":"2024-05-23T08:41:36","slug":"assistencia-de-record-a-la-copa-colegial-barcelona","status":"publish","type":"post","link":"https:\/\/www.olimpicarena.com\/ca\/assistencia-de-record-a-la-copa-colegial-barcelona\/","title":{"rendered":"Assist\u00e8ncia de r\u00e8cord a la Copa Colegial Barcelona"},"content":{"rendered":"<p>L&#8217;Olimpic Arena va acollir el passat 10 de maig les finals de la Copa Colegial Barcelona, l&#8217;esdeveniment esportiu m\u00e9s exit\u00f3s a nivell escolar. En aquesta 11\u00aa edici\u00f3, la Copa Colegial BCN va congregar 105 equips de 73 escoles diferents en un torneig compr\u00e8s en els mesos de gener a maig. Amb fins a 11 escoles i instituts de Badalona apuntats des de l&#8217;inici, dos d&#8217;ells -el Sant Andreu Natzaret i La Llauna- van arribar fins la ronda final. En aquesta, com d\u00e8iem, disputada a l&#8217;Olimpic Arena, <strong>es va batre el r\u00e8cord absolut d&#8217;espectadors en un partit de b\u00e0squet col\u00b7legial a Europa<\/strong>, amb m\u00e9s de <strong>3.000 aficionats<\/strong> que van passar-se durant la tarda pel nostre pavell\u00f3.<\/p>\n<p>La final en si va ser un espectacle digne de High School Experience, m\u00e9s propi dels EEUU que d&#8217;aqu\u00ed, amb un desplegament brutal: <strong>speaker, DJ&#8217;s, cossos de ball, premis, sortejos&#8230;<\/strong> incl\u00fas la nostra mascota es va apuntar a la festa! I, per a completar-ho, el partit va ser espectacular: el derbi badalon\u00ed no va defraudar i no se&#8217;l va perdre ni l&#8217;alcalde de la ciutat, Xavier Garcia Albiol, que va comentar el duel amb el president del Joventut de Badalona, el Juanan Morales. La Llauna va imposar-se per 61 a 67 amb un partit amb constants canvis en el marcador, inclosos uns quants en els \u00faltims minuts. D&#8217;aquesta manera, amb una actuaci\u00f3 estelar d&#8217;Aleix Sempere -que va ser proclamat MVP de la competici\u00f3-, l&#8217;Institut La Llauna es va proclamar campi\u00f3 per 2n any consecutiu (3r en total) de la Copa Colegial Barcelona, la qual l&#8217;any vinent creixer\u00e0 i s&#8217;expandir\u00e0 per territoris com el Maresme, la Catalunya Central o Girona.<\/p>\n<p>Des de l&#8217;Olimpic Arena volem felicitar l&#8217;organitzaci\u00f3 per l&#8217;\u00e8xit de l&#8217;esdeveniment, el qual va rebre el suport de l&#8217;Ajuntament de la ciutat, del Joventut de Badalona i de la Fundaci\u00f3 Badalona Capital Europea del B\u00e0squet.<\/p>\n<p><em>Fotografies: David Grau i Manu Rueda<\/em><\/p>\n<p><img loading=\"lazy\" decoding=\"async\" class=\"alignnone size-full wp-image-2149\" src=\"https:\/\/www.olimpicarena.com\/wp-content\/uploads\/2024\/05\/sant-andreu-natzaret-vs-la-llauna-masculino-280752.jpg\" alt=\"Copa colegial barcelona basket\" width=\"1100\" height=\"733\" srcset=\"https:\/\/www.olimpicarena.com\/wp-content\/uploads\/2024\/05\/sant-andreu-natzaret-vs-la-llauna-masculino-280752.jpg 1100w, https:\/\/www.olimpicarena.com\/wp-content\/uploads\/2024\/05\/sant-andreu-natzaret-vs-la-llauna-masculino-280752-768x511.jpg 768w, https:\/\/www.olimpicarena.com\/wp-content\/uploads\/2024\/05\/sant-andreu-natzaret-vs-la-llauna-masculino-280752-1320x879.jpg 1320w\" sizes=\"auto, (max-width: 1100px) 100vw, 1100px\" \/><\/p>\n<p><img loading=\"lazy\" decoding=\"async\" class=\"alignnone size-full wp-image-2146\" src=\"https:\/\/www.olimpicarena.com\/wp-content\/uploads\/2024\/05\/Unknown.jpeg\" alt=\"Copa colegial barcelona basket\" width=\"1100\" height=\"733\" srcset=\"https:\/\/www.olimpicarena.com\/wp-content\/uploads\/2024\/05\/Unknown.jpeg 1100w, https:\/\/www.olimpicarena.com\/wp-content\/uploads\/2024\/05\/Unknown-768x511.jpeg 768w, https:\/\/www.olimpicarena.com\/wp-content\/uploads\/2024\/05\/Unknown-1320x879.jpeg 1320w\" sizes=\"auto, (max-width: 1100px) 100vw, 1100px\" \/><\/p>\n<p><img loading=\"lazy\" decoding=\"async\" class=\"alignnone size-full wp-image-2158\" src=\"https:\/\/www.olimpicarena.com\/wp-content\/uploads\/2024\/05\/artur-grau4.jpg\" alt=\"Copa colegial barcelona basket\" width=\"1100\" height=\"733\" srcset=\"https:\/\/www.olimpicarena.com\/wp-content\/uploads\/2024\/05\/artur-grau4.jpg 1100w, https:\/\/www.olimpicarena.com\/wp-content\/uploads\/2024\/05\/artur-grau4-768x511.jpg 768w, https:\/\/www.olimpicarena.com\/wp-content\/uploads\/2024\/05\/artur-grau4-1320x879.jpg 1320w\" sizes=\"auto, (max-width: 1100px) 100vw, 1100px\" \/><\/p>\n<p><img loading=\"lazy\" decoding=\"async\" class=\"alignnone size-full wp-image-2155\" src=\"https:\/\/www.olimpicarena.com\/wp-content\/uploads\/2024\/05\/rado.jpg\" alt=\"Copa colegial barcelona basket\" width=\"1100\" height=\"710\" srcset=\"https:\/\/www.olimpicarena.com\/wp-content\/uploads\/2024\/05\/rado.jpg 1100w, https:\/\/www.olimpicarena.com\/wp-content\/uploads\/2024\/05\/rado-768x495.jpg 768w, https:\/\/www.olimpicarena.com\/wp-content\/uploads\/2024\/05\/rado-1320x852.jpg 1320w\" sizes=\"auto, (max-width: 1100px) 100vw, 1100px\" \/><\/p>\n<p><img loading=\"lazy\" decoding=\"async\" class=\"alignnone size-full wp-image-2152\" src=\"https:\/\/www.olimpicarena.com\/wp-content\/uploads\/2024\/05\/sant-andreu-natzaret-vs-la-llauna-masculino-280849.jpg\" alt=\"Copa colegial barcelona basket\" width=\"1100\" height=\"1650\" srcset=\"https:\/\/www.olimpicarena.com\/wp-content\/uploads\/2024\/05\/sant-andreu-natzaret-vs-la-llauna-masculino-280849.jpg 1100w, https:\/\/www.olimpicarena.com\/wp-content\/uploads\/2024\/05\/sant-andreu-natzaret-vs-la-llauna-masculino-280849-768x1152.jpg 768w, https:\/\/www.olimpicarena.com\/wp-content\/uploads\/2024\/05\/sant-andreu-natzaret-vs-la-llauna-masculino-280849-1320x1980.jpg 1320w\" sizes=\"auto, (max-width: 1100px) 100vw, 1100px\" \/><\/p>\n","protected":false},"excerpt":{"rendered":"<p>L&#8217;Olimpic Arena va acollir el passat 10 de maig les finals de la Copa Colegial Barcelona, l&#8217;esdeveniment esportiu m\u00e9s exit\u00f3s a nivell escolar. En aquesta 11\u00aa edici\u00f3, la Copa Colegial BCN va congregar 105 equips de 73 escoles diferents en<span class=\"ellipsis\">&hellip;<\/span><\/p>\n<div class=\"read-more\"><a href=\"https:\/\/www.olimpicarena.com\/ca\/assistencia-de-record-a-la-copa-colegial-barcelona\/\">Read more <span class=\"screen-reader-text\">Assist\u00e8ncia de r\u00e8cord a la Copa Colegial Barcelona<\/span><span class=\"meta-nav\"> &#8250;<\/span><\/a><\/div>\n<p><!-- end of .read-more --><\/p>\n","protected":false},"author":3,"featured_media":2150,"comment_status":"open","ping_status":"open","sticky":false,"template":"","format":"standard","meta":{"_acf_changed":false,"inline_featured_image":false,"footnotes":""},"categories":[19],"tags":[],"class_list":["post-2164","post","type-post","status-publish","format-standard","has-post-thumbnail","hentry","category-uncategorized-ca"],"acf":[],"yoast_head":"<!-- This site is optimized with the Yoast SEO plugin v24.7 - https:\/\/yoast.com\/wordpress\/plugins\/seo\/ -->\n<title>Assist\u00e8ncia de r\u00e8cord a la Copa Colegial Barcelona - olimpicarena<\/title>\n<meta name=\"robots\" content=\"index, follow, max-snippet:-1, max-image-preview:large, max-video-preview:-1\" \/>\n<link rel=\"canonical\" href=\"https:\/\/www.olimpicarena.com\/ca\/assistencia-de-record-a-la-copa-colegial-barcelona\/\" \/>\n<meta property=\"og:locale\" content=\"ca_ES\" \/>\n<meta property=\"og:type\" content=\"article\" \/>\n<meta property=\"og:title\" content=\"Assist\u00e8ncia de r\u00e8cord a la Copa Colegial Barcelona - olimpicarena\" \/>\n<meta property=\"og:description\" content=\"L&#8217;Olimpic Arena va acollir el passat 10 de maig les finals de la Copa Colegial Barcelona, l&#8217;esdeveniment esportiu m\u00e9s exit\u00f3s a nivell escolar. En aquesta 11\u00aa edici\u00f3, la Copa Colegial BCN va congregar 105 equips de 73 escoles diferents en&hellip;Read more Assist\u00e8ncia de r\u00e8cord a la Copa Colegial Barcelona &#8250;\" \/>\n<meta property=\"og:url\" content=\"https:\/\/www.olimpicarena.com\/ca\/assistencia-de-record-a-la-copa-colegial-barcelona\/\" \/>\n<meta property=\"og:site_name\" content=\"olimpicarena\" \/>\n<meta property=\"article:published_time\" content=\"2024-05-23T08:26:53+00:00\" \/>\n<meta property=\"article:modified_time\" content=\"2024-05-23T08:41:36+00:00\" \/>\n<meta property=\"og:image\" content=\"https:\/\/www.olimpicarena.com\/wp-content\/uploads\/2024\/05\/sant-andreu-natzaret-vs-la-llauna-masculino-280752.jpg\" \/>\n\t<meta property=\"og:image:width\" content=\"1100\" \/>\n\t<meta property=\"og:image:height\" content=\"733\" \/>\n\t<meta property=\"og:image:type\" content=\"image\/jpeg\" \/>\n<meta name=\"author\" content=\"olimpicarena\" \/>\n<meta name=\"twitter:card\" content=\"summary_large_image\" \/>\n<meta name=\"twitter:label1\" content=\"Escrit per\" \/>\n\t<meta name=\"twitter:data1\" content=\"olimpicarena\" \/>\n\t<meta name=\"twitter:label2\" content=\"Temps estimat de lectura\" \/>\n\t<meta name=\"twitter:data2\" content=\"3 minuts\" \/>\n<script type=\"application\/ld+json\" class=\"yoast-schema-graph\">{\"@context\":\"https:\/\/schema.org\",\"@graph\":[{\"@type\":\"WebPage\",\"@id\":\"https:\/\/www.olimpicarena.com\/ca\/assistencia-de-record-a-la-copa-colegial-barcelona\/\",\"url\":\"https:\/\/www.olimpicarena.com\/ca\/assistencia-de-record-a-la-copa-colegial-barcelona\/\",\"name\":\"Assist\u00e8ncia de r\u00e8cord a la Copa Colegial Barcelona - olimpicarena\",\"isPartOf\":{\"@id\":\"https:\/\/www.olimpicarena.com\/ca\/#website\"},\"primaryImageOfPage\":{\"@id\":\"https:\/\/www.olimpicarena.com\/ca\/assistencia-de-record-a-la-copa-colegial-barcelona\/#primaryimage\"},\"image\":{\"@id\":\"https:\/\/www.olimpicarena.com\/ca\/assistencia-de-record-a-la-copa-colegial-barcelona\/#primaryimage\"},\"thumbnailUrl\":\"https:\/\/www.olimpicarena.com\/wp-content\/uploads\/2024\/05\/sant-andreu-natzaret-vs-la-llauna-masculino-280752.jpg\",\"datePublished\":\"2024-05-23T08:26:53+00:00\",\"dateModified\":\"2024-05-23T08:41:36+00:00\",\"author\":{\"@id\":\"https:\/\/www.olimpicarena.com\/ca\/#\/schema\/person\/9d6083f339838e8c598ed354225493a0\"},\"breadcrumb\":{\"@id\":\"https:\/\/www.olimpicarena.com\/ca\/assistencia-de-record-a-la-copa-colegial-barcelona\/#breadcrumb\"},\"inLanguage\":\"ca\",\"potentialAction\":[{\"@type\":\"ReadAction\",\"target\":[\"https:\/\/www.olimpicarena.com\/ca\/assistencia-de-record-a-la-copa-colegial-barcelona\/\"]}]},{\"@type\":\"ImageObject\",\"inLanguage\":\"ca\",\"@id\":\"https:\/\/www.olimpicarena.com\/ca\/assistencia-de-record-a-la-copa-colegial-barcelona\/#primaryimage\",\"url\":\"https:\/\/www.olimpicarena.com\/wp-content\/uploads\/2024\/05\/sant-andreu-natzaret-vs-la-llauna-masculino-280752.jpg\",\"contentUrl\":\"https:\/\/www.olimpicarena.com\/wp-content\/uploads\/2024\/05\/sant-andreu-natzaret-vs-la-llauna-masculino-280752.jpg\",\"width\":1100,\"height\":733,\"caption\":\"Copa colegial barcelona basket\"},{\"@type\":\"BreadcrumbList\",\"@id\":\"https:\/\/www.olimpicarena.com\/ca\/assistencia-de-record-a-la-copa-colegial-barcelona\/#breadcrumb\",\"itemListElement\":[{\"@type\":\"ListItem\",\"position\":1,\"name\":\"Home\",\"item\":\"https:\/\/www.olimpicarena.com\/ca\/\"},{\"@type\":\"ListItem\",\"position\":2,\"name\":\"Assist\u00e8ncia de r\u00e8cord a la Copa Colegial Barcelona\"}]},{\"@type\":\"WebSite\",\"@id\":\"https:\/\/www.olimpicarena.com\/ca\/#website\",\"url\":\"https:\/\/www.olimpicarena.com\/ca\/\",\"name\":\"olimpicarena\",\"description\":\"\",\"potentialAction\":[{\"@type\":\"SearchAction\",\"target\":{\"@type\":\"EntryPoint\",\"urlTemplate\":\"https:\/\/www.olimpicarena.com\/ca\/?s={search_term_string}\"},\"query-input\":{\"@type\":\"PropertyValueSpecification\",\"valueRequired\":true,\"valueName\":\"search_term_string\"}}],\"inLanguage\":\"ca\"},{\"@type\":\"Person\",\"@id\":\"https:\/\/www.olimpicarena.com\/ca\/#\/schema\/person\/9d6083f339838e8c598ed354225493a0\",\"name\":\"olimpicarena\",\"image\":{\"@type\":\"ImageObject\",\"inLanguage\":\"ca\",\"@id\":\"https:\/\/www.olimpicarena.com\/ca\/#\/schema\/person\/image\/\",\"url\":\"https:\/\/secure.gravatar.com\/avatar\/963f0993d5292040115fa08f2030a00f9803a555d8024f9c3f19ff8e300d4822?s=96&d=mm&r=g\",\"contentUrl\":\"https:\/\/secure.gravatar.com\/avatar\/963f0993d5292040115fa08f2030a00f9803a555d8024f9c3f19ff8e300d4822?s=96&d=mm&r=g\",\"caption\":\"olimpicarena\"},\"sameAs\":[\"https:\/\/www.olimpicarena.com\"]}]}<\/script>\n<!-- \/ Yoast SEO plugin. -->","yoast_head_json":{"title":"Assist\u00e8ncia de r\u00e8cord a la Copa Colegial Barcelona - olimpicarena","robots":{"index":"index","follow":"follow","max-snippet":"max-snippet:-1","max-image-preview":"max-image-preview:large","max-video-preview":"max-video-preview:-1"},"canonical":"https:\/\/www.olimpicarena.com\/ca\/assistencia-de-record-a-la-copa-colegial-barcelona\/","og_locale":"ca_ES","og_type":"article","og_title":"Assist\u00e8ncia de r\u00e8cord a la Copa Colegial Barcelona - olimpicarena","og_description":"L&#8217;Olimpic Arena va acollir el passat 10 de maig les finals de la Copa Colegial Barcelona, l&#8217;esdeveniment esportiu m\u00e9s exit\u00f3s a nivell escolar. En aquesta 11\u00aa edici\u00f3, la Copa Colegial BCN va congregar 105 equips de 73 escoles diferents en&hellip;Read more Assist\u00e8ncia de r\u00e8cord a la Copa Colegial Barcelona &#8250;","og_url":"https:\/\/www.olimpicarena.com\/ca\/assistencia-de-record-a-la-copa-colegial-barcelona\/","og_site_name":"olimpicarena","article_published_time":"2024-05-23T08:26:53+00:00","article_modified_time":"2024-05-23T08:41:36+00:00","og_image":[{"width":1100,"height":733,"url":"https:\/\/www.olimpicarena.com\/wp-content\/uploads\/2024\/05\/sant-andreu-natzaret-vs-la-llauna-masculino-280752.jpg","type":"image\/jpeg"}],"author":"olimpicarena","twitter_card":"summary_large_image","twitter_misc":{"Escrit per":"olimpicarena","Temps estimat de lectura":"3 minuts"},"schema":{"@context":"https:\/\/schema.org","@graph":[{"@type":"WebPage","@id":"https:\/\/www.olimpicarena.com\/ca\/assistencia-de-record-a-la-copa-colegial-barcelona\/","url":"https:\/\/www.olimpicarena.com\/ca\/assistencia-de-record-a-la-copa-colegial-barcelona\/","name":"Assist\u00e8ncia de r\u00e8cord a la Copa Colegial Barcelona - olimpicarena","isPartOf":{"@id":"https:\/\/www.olimpicarena.com\/ca\/#website"},"primaryImageOfPage":{"@id":"https:\/\/www.olimpicarena.com\/ca\/assistencia-de-record-a-la-copa-colegial-barcelona\/#primaryimage"},"image":{"@id":"https:\/\/www.olimpicarena.com\/ca\/assistencia-de-record-a-la-copa-colegial-barcelona\/#primaryimage"},"thumbnailUrl":"https:\/\/www.olimpicarena.com\/wp-content\/uploads\/2024\/05\/sant-andreu-natzaret-vs-la-llauna-masculino-280752.jpg","datePublished":"2024-05-23T08:26:53+00:00","dateModified":"2024-05-23T08:41:36+00:00","author":{"@id":"https:\/\/www.olimpicarena.com\/ca\/#\/schema\/person\/9d6083f339838e8c598ed354225493a0"},"breadcrumb":{"@id":"https:\/\/www.olimpicarena.com\/ca\/assistencia-de-record-a-la-copa-colegial-barcelona\/#breadcrumb"},"inLanguage":"ca","potentialAction":[{"@type":"ReadAction","target":["https:\/\/www.olimpicarena.com\/ca\/assistencia-de-record-a-la-copa-colegial-barcelona\/"]}]},{"@type":"ImageObject","inLanguage":"ca","@id":"https:\/\/www.olimpicarena.com\/ca\/assistencia-de-record-a-la-copa-colegial-barcelona\/#primaryimage","url":"https:\/\/www.olimpicarena.com\/wp-content\/uploads\/2024\/05\/sant-andreu-natzaret-vs-la-llauna-masculino-280752.jpg","contentUrl":"https:\/\/www.olimpicarena.com\/wp-content\/uploads\/2024\/05\/sant-andreu-natzaret-vs-la-llauna-masculino-280752.jpg","width":1100,"height":733,"caption":"Copa colegial barcelona basket"},{"@type":"BreadcrumbList","@id":"https:\/\/www.olimpicarena.com\/ca\/assistencia-de-record-a-la-copa-colegial-barcelona\/#breadcrumb","itemListElement":[{"@type":"ListItem","position":1,"name":"Home","item":"https:\/\/www.olimpicarena.com\/ca\/"},{"@type":"ListItem","position":2,"name":"Assist\u00e8ncia de r\u00e8cord a la Copa Colegial Barcelona"}]},{"@type":"WebSite","@id":"https:\/\/www.olimpicarena.com\/ca\/#website","url":"https:\/\/www.olimpicarena.com\/ca\/","name":"olimpicarena","description":"","potentialAction":[{"@type":"SearchAction","target":{"@type":"EntryPoint","urlTemplate":"https:\/\/www.olimpicarena.com\/ca\/?s={search_term_string}"},"query-input":{"@type":"PropertyValueSpecification","valueRequired":true,"valueName":"search_term_string"}}],"inLanguage":"ca"},{"@type":"Person","@id":"https:\/\/www.olimpicarena.com\/ca\/#\/schema\/person\/9d6083f339838e8c598ed354225493a0","name":"olimpicarena","image":{"@type":"ImageObject","inLanguage":"ca","@id":"https:\/\/www.olimpicarena.com\/ca\/#\/schema\/person\/image\/","url":"https:\/\/secure.gravatar.com\/avatar\/963f0993d5292040115fa08f2030a00f9803a555d8024f9c3f19ff8e300d4822?s=96&d=mm&r=g","contentUrl":"https:\/\/secure.gravatar.com\/avatar\/963f0993d5292040115fa08f2030a00f9803a555d8024f9c3f19ff8e300d4822?s=96&d=mm&r=g","caption":"olimpicarena"},"sameAs":["https:\/\/www.olimpicarena.com"]}]}},"_links":{"self":[{"href":"https:\/\/www.olimpicarena.com\/ca\/wp-json\/wp\/v2\/posts\/2164","targetHints":{"allow":["GET"]}}],"collection":[{"href":"https:\/\/www.olimpicarena.com\/ca\/wp-json\/wp\/v2\/posts"}],"about":[{"href":"https:\/\/www.olimpicarena.com\/ca\/wp-json\/wp\/v2\/types\/post"}],"author":[{"embeddable":true,"href":"https:\/\/www.olimpicarena.com\/ca\/wp-json\/wp\/v2\/users\/3"}],"replies":[{"embeddable":true,"href":"https:\/\/www.olimpicarena.com\/ca\/wp-json\/wp\/v2\/comments?post=2164"}],"version-history":[{"count":0,"href":"https:\/\/www.olimpicarena.com\/ca\/wp-json\/wp\/v2\/posts\/2164\/revisions"}],"wp:featuredmedia":[{"embeddable":true,"href":"https:\/\/www.olimpicarena.com\/ca\/wp-json\/wp\/v2\/media\/2150"}],"wp:attachment":[{"href":"https:\/\/www.olimpicarena.com\/ca\/wp-json\/wp\/v2\/media?parent=2164"}],"wp:term":[{"taxonomy":"category","embeddable":true,"href":"https:\/\/www.olimpicarena.com\/ca\/wp-json\/wp\/v2\/categories?post=2164"},{"taxonomy":"post_tag","embeddable":true,"href":"https:\/\/www.olimpicarena.com\/ca\/wp-json\/wp\/v2\/tags?post=2164"}],"curies":[{"name":"wp","href":"https:\/\/api.w.org\/{rel}","templated":true}]}}